{"id":34131,"date":"2021-12-06T08:00:00","date_gmt":"2021-12-06T07:00:00","guid":{"rendered":"https:\/\/swissmig.wordpress.com\/?p=34131"},"modified":"2021-12-06T08:00:00","modified_gmt":"2021-12-06T07:00:00","slug":"diagnostic-de-troubles-du-langage-chez-lenfant-refugie-defis-actuels","status":"publish","type":"post","link":"https:\/\/swissmig.unine.ch\/?p=34131","title":{"rendered":"Diagnostic de troubles du langage chez l&#8217;enfant r\u00e9fugi\u00e9 : d\u00e9fis actuels"},"content":{"rendered":"<h3>Author(s) : H\u00e9l\u00e8ne Delage, Julie Franck<\/h3>\n<h3>Source : <a href=\"https:\/\/archive-ouverte.unige.ch\/unige:156250\" target=\"_blank\" rel=\"noopener\">https:\/\/archive-ouverte.unige.ch\/unige:156250<\/a><\/h3>\n<p><!--more--><\/p>\n\n\n<p>N \/ A<\/p>\n","protected":false},"excerpt":{"rendered":"<p>Author(s) : H\u00e9l\u00e8ne Delage, Julie Franck Source : https:\/\/archive-ouverte.unige.ch\/unige:156250<\/p>\n","protected":false},"author":4,"featured_media":0,"comment_status":"open","ping_status":"open","sticky":false,"template":"","format":"standard","meta":{"_kadence_starter_templates_imported_post":false,"_kad_post_transparent":"","_kad_post_title":"","_kad_post_layout":"","_kad_post_sidebar_id":"","_kad_post_content_style":"","_kad_post_vertical_padding":"","_kad_post_feature":"","_kad_post_feature_position":"","_kad_post_header":false,"_kad_post_footer":false,"_kad_post_classname":"","jetpack_post_was_ever_published":false,"_jetpack_newsletter_access":"","_jetpack_dont_email_post_to_subs":false,"_jetpack_newsletter_tier_id":0,"_jetpack_memberships_contains_paywalled_content":false,"_jetpack_memberships_contains_paid_content":false,"footnotes":""},"categories":[167],"tags":[693,7,318,52,153,65,236,161,185,103,117,68,118],"class_list":["post-34131","post","type-post","status-publish","format-standard","hentry","category-ethnicity-languages-religion-arts","tag-693","tag-article","tag-children","tag-french-language","tag-health","tag-language","tag-language-barriers","tag-language-education","tag-mental-health","tag-refugees","tag-school-integration","tag-sociolinguistics","tag-youth"],"jetpack_featured_media_url":"","jetpack_sharing_enabled":true,"_links":{"self":[{"href":"https:\/\/swissmig.unine.ch\/index.php?rest_route=\/wp\/v2\/posts\/34131","targetHints":{"allow":["GET"]}}],"collection":[{"href":"https:\/\/swissmig.unine.ch\/index.php?rest_route=\/wp\/v2\/posts"}],"about":[{"href":"https:\/\/swissmig.unine.ch\/index.php?rest_route=\/wp\/v2\/types\/post"}],"author":[{"embeddable":true,"href":"https:\/\/swissmig.unine.ch\/index.php?rest_route=\/wp\/v2\/users\/4"}],"replies":[{"embeddable":true,"href":"https:\/\/swissmig.unine.ch\/index.php?rest_route=%2Fwp%2Fv2%2Fcomments&post=34131"}],"version-history":[{"count":0,"href":"https:\/\/swissmig.unine.ch\/index.php?rest_route=\/wp\/v2\/posts\/34131\/revisions"}],"wp:attachment":[{"href":"https:\/\/swissmig.unine.ch\/index.php?rest_route=%2Fwp%2Fv2%2Fmedia&parent=34131"}],"wp:term":[{"taxonomy":"category","embeddable":true,"href":"https:\/\/swissmig.unine.ch\/index.php?rest_route=%2Fwp%2Fv2%2Fcategories&post=34131"},{"taxonomy":"post_tag","embeddable":true,"href":"https:\/\/swissmig.unine.ch\/index.php?rest_route=%2Fwp%2Fv2%2Ftags&post=34131"}],"curies":[{"name":"wp","href":"https:\/\/api.w.org\/{rel}","templated":true}]}}