{"id":34112,"date":"2021-11-29T08:00:00","date_gmt":"2021-11-29T07:00:00","guid":{"rendered":"https:\/\/swissmig.wordpress.com\/?p=34112"},"modified":"2021-11-29T08:00:00","modified_gmt":"2021-11-29T07:00:00","slug":"les-enjeux-du-delit-de-solidarite-pour-les-travailleurs-et-travailleuses-sociales","status":"publish","type":"post","link":"https:\/\/swissmig.unine.ch\/?p=34112","title":{"rendered":"Les enjeux du \u00ab d\u00e9lit de solidarit\u00e9 \u00bb pour les travailleurs et travailleuses sociales"},"content":{"rendered":"<h3>Author(s) : Charl\u00e8ne Roulier<\/h3>\n<h3>Source : <a href=\"https:\/\/doc.rero.ch\/record\/333302\" target=\"_blank\" rel=\"noopener\">https:\/\/doc.rero.ch\/record\/333302<\/a><\/h3>\n<p><!--more--><\/p>\n<blockquote><p>&#8220;Par ce Travail de Bachelor, je cherche \u00e0 comprendre les dilemmes des travailleurs et travailleuses sociales (TS) en lien avec le d\u00e9lit de solidarit\u00e9. En effet, selon leurs mandats, les TS peuvent \u0153uvrer envers des personnes migrantes d\u00e9bout\u00e9es, frapp\u00e9es d\u2019une Non-Entr\u00e9e en Mati\u00e8re (NEM) ou sans-papiers. L\u2019aide est permise uniquement dans un cadre l\u00e9gal strict, dans des centres d\u2019aide d\u2019urgence g\u00e9r\u00e9s par l\u2019\u00c9tat. Cependant, si l\u2019aide accord\u00e9e d\u00e9passe ce mandat (dons de nourriture, h\u00e9bergement), l\u2019article 116 de la loi sur les \u00e9trangers et l\u2019int\u00e9gration (LEI) qui a la teneur suivante : \u00ab Incitation \u00e0 l\u2019entr\u00e9e, \u00e0 la sortie ou au s\u00e9jour ill\u00e9gaux \u00bb, la rend ill\u00e9gale. En effet, selon les raisons de l\u2019aide et sa \u00ab gravit\u00e9 \u00bb, la peine peut aller d\u2019une amende \u00e0 l\u2019emprisonnement. Cette loi, qui \u00e0 la base veut emp\u00eacher les passeurs de faire un business au fronti\u00e8re en abusant des personnes migrantes, devient discutable quand cette aide est d\u00e9sint\u00e9ress\u00e9e envers des personnes qui se retrouvent dans une situation de vuln\u00e9rabilit\u00e9. Le dilemme est encore plus fort pour les TS qui travaillent souvent pour l\u2019\u00c9tat et qui se doivent de respecter un cadre l\u00e9gal et qui, simultan\u00e9ment, doivent \u0153uvrer en accord avec les valeurs du travail social, telles : la solidarit\u00e9, la favorisation de la coh\u00e9sion sociale, l\u2019insertion des personnes vuln\u00e9rables, l\u2019humanit\u00e9 etc. C\u2019est donc par le biais d\u2019une recherche th\u00e9orique qui concerne l\u2019histoire de la loi autour du d\u00e9lit de solidarit\u00e9, le cadre l\u00e9gal qui r\u00e9gule les personnes ill\u00e9galis\u00e9es et par des liens tiss\u00e9s avec le travail social que ce travail souhaite donner une vision plus \u00e9largie de cette probl\u00e9matique. Des entretiens avec deux TS permettront de s\u2019ancrer dans la r\u00e9alit\u00e9 des pratiques autour des dilemmes v\u00e9cus par les professionnel\u00b7le\u00b7s.&#8221;<\/p>\n<p><strong>Mots-cl\u00e9s<\/strong> : travail social\u00a0; d\u00e9lit de solidarit\u00e9\u00a0; dilemmes\u00a0; migration<\/p><\/blockquote>\n","protected":false},"excerpt":{"rendered":"<p>Author(s) : Charl\u00e8ne Roulier Source : https:\/\/doc.rero.ch\/record\/333302<\/p>\n","protected":false},"author":4,"featured_media":0,"comment_status":"open","ping_status":"open","sticky":false,"template":"","format":"standard","meta":{"_kadence_starter_templates_imported_post":false,"_kad_post_transparent":"","_kad_post_title":"","_kad_post_layout":"","_kad_post_sidebar_id":"","_kad_post_content_style":"","_kad_post_vertical_padding":"","_kad_post_feature":"","_kad_post_feature_position":"","_kad_post_header":false,"_kad_post_footer":false,"_kad_post_classname":"","jetpack_post_was_ever_published":false,"_jetpack_newsletter_access":"","_jetpack_dont_email_post_to_subs":false,"_jetpack_newsletter_tier_id":0,"_jetpack_memberships_contains_paywalled_content":false,"_jetpack_memberships_contains_paid_content":false,"footnotes":""},"categories":[24],"tags":[693,37,292,52,293,294,129,401,25,262,144],"class_list":["post-34112","post","type-post","status-publish","format-standard","hentry","category-society-family-racism","tag-693","tag-attitudes-towards-migrants","tag-bachelor-thesis","tag-french-language","tag-human-smuggling","tag-irregular-migration","tag-law","tag-social-workers","tag-solidarity","tag-undocumented-immigrants","tag-vulnerability"],"jetpack_featured_media_url":"","jetpack_sharing_enabled":true,"_links":{"self":[{"href":"https:\/\/swissmig.unine.ch\/index.php?rest_route=\/wp\/v2\/posts\/34112","targetHints":{"allow":["GET"]}}],"collection":[{"href":"https:\/\/swissmig.unine.ch\/index.php?rest_route=\/wp\/v2\/posts"}],"about":[{"href":"https:\/\/swissmig.unine.ch\/index.php?rest_route=\/wp\/v2\/types\/post"}],"author":[{"embeddable":true,"href":"https:\/\/swissmig.unine.ch\/index.php?rest_route=\/wp\/v2\/users\/4"}],"replies":[{"embeddable":true,"href":"https:\/\/swissmig.unine.ch\/index.php?rest_route=%2Fwp%2Fv2%2Fcomments&post=34112"}],"version-history":[{"count":0,"href":"https:\/\/swissmig.unine.ch\/index.php?rest_route=\/wp\/v2\/posts\/34112\/revisions"}],"wp:attachment":[{"href":"https:\/\/swissmig.unine.ch\/index.php?rest_route=%2Fwp%2Fv2%2Fmedia&parent=34112"}],"wp:term":[{"taxonomy":"category","embeddable":true,"href":"https:\/\/swissmig.unine.ch\/index.php?rest_route=%2Fwp%2Fv2%2Fcategories&post=34112"},{"taxonomy":"post_tag","embeddable":true,"href":"https:\/\/swissmig.unine.ch\/index.php?rest_route=%2Fwp%2Fv2%2Ftags&post=34112"}],"curies":[{"name":"wp","href":"https:\/\/api.w.org\/{rel}","templated":true}]}}