{"id":3409,"date":"2020-01-13T09:00:13","date_gmt":"2020-01-13T08:00:13","guid":{"rendered":"https:\/\/swissmig.wordpress.com\/?p=3409"},"modified":"2020-01-13T09:00:13","modified_gmt":"2020-01-13T08:00:13","slug":"la-mesure-du-fait-migratoire-en-suisse-par-le-titre-de-sejour-des-etrangers-1949-1989","status":"publish","type":"post","link":"https:\/\/swissmig.unine.ch\/?p=3409","title":{"rendered":"La mesure du fait migratoire en Suisse par le titre de s\u00e9jour des \u00e9trangers (1949-1989)"},"content":{"rendered":"<h3>Author(s) : <span class=\"familyName\">Jean-Marie Le Golf<\/span><\/h3>\n<h3>Source : <a href=\"https:\/\/www.erudit.org\/fr\/livres\/actes-des-colloques-de-lassociation-internationale-des-demographes-de-langue-francaise\/les-migrations-internationales-observation-analyse-perspectives-actes-colloque\/001352co\/\" target=\"_blank\" rel=\"noopener\">https:\/\/www.erudit.org\/fr\/livres\/actes-des-colloques-de-lassociation-internationale-des-demographes-de-langue-francaise\/les-migrations-internationales-observation-analyse-perspectives-actes-colloque\/001352co\/<\/a><\/h3>\n<p><strong>Abstract: <\/strong><!--more--><\/p>\n<blockquote><p>&#8220;Cet article a pour objet d\u2019analyser les instruments qui ont \u00e9t\u00e9 utilis\u00e9s en Suisse durant la deuxi\u00e8me moiti\u00e9 du XXe si\u00e8cle en vue de mesurer le fait migratoire. Durant les ann\u00e9es 1920 et1930, les autorit\u00e9s helv\u00e9tiques mettent en place une politique de permis de s\u00e9jour dans laquelle les \u00e9trangers sont distingu\u00e9s selon la dur\u00e9e et le type de s\u00e9jour en Suisse (Arlettaz, 1985). Les titres de s\u00e9jour vont ainsi se diviser en quatre grandes cat\u00e9gories : 1) les s\u00e9jours de courte dur\u00e9e(souvent annuels), conditionn\u00e9s par l\u2019exercice d\u2019une activit\u00e9 professionnelle ; 2) les s\u00e9jours de longue dur\u00e9e ou permis d\u2019\u00e9tablissement, ces titres \u00e9tant octroy\u00e9s \u00e0 des \u00e9trangers r\u00e9sidant en Suisse depuis une dur\u00e9e de 5 \u00e0 10 ans, selon la nationalit\u00e9 ; 3) les titres d\u00e9livr\u00e9s \u00e0 des travailleurs saisonniers (agriculture, construction), la dur\u00e9e de s\u00e9jour ne pouvant exc\u00e9der 9 mois (le permis \u00e9tant n\u00e9anmoins renouvelable) ; 4) le permis frontalier, d\u00e9livr\u00e9 \u00e0 des \u00e9trangers travaillant en Suisse mais r\u00e9sidant dans les r\u00e9gions limitrophes de la Suisse.&#8221;<\/p><\/blockquote>\n<p>&nbsp;<\/p>\n","protected":false},"excerpt":{"rendered":"<p>Author(s) : Jean-Marie Le Golf Source : https:\/\/www.erudit.org\/fr\/livres\/actes-des-colloques-de-lassociation-internationale-des-demographes-de-langue-francaise\/les-migrations-internationales-observation-analyse-perspectives-actes-colloque\/001352co\/ Abstract:<\/p>\n","protected":false},"author":4,"featured_media":0,"comment_status":"open","ping_status":"open","sticky":false,"template":"","format":"standard","meta":{"_kadence_starter_templates_imported_post":false,"_kad_post_transparent":"","_kad_post_title":"","_kad_post_layout":"","_kad_post_sidebar_id":"","_kad_post_content_style":"","_kad_post_vertical_padding":"","_kad_post_feature":"","_kad_post_feature_position":"","_kad_post_header":false,"_kad_post_footer":false,"_kad_post_classname":"","jetpack_post_was_ever_published":false,"_jetpack_newsletter_access":"","_jetpack_dont_email_post_to_subs":false,"_jetpack_newsletter_tier_id":0,"_jetpack_memberships_contains_paywalled_content":false,"_jetpack_memberships_contains_paid_content":false,"footnotes":""},"categories":[43],"tags":[169,32,70,92,120,52,87,17,345,618,36,166,143,245],"class_list":["post-3409","post","type-post","status-publish","format-standard","hentry","category-the-migration-phenomenon","tag-169","tag-book-chapter","tag-citizenship","tag-country-of-origin","tag-data-analysis","tag-french-language","tag-history","tag-immigrants","tag-measurement","tag-migration-management","tag-migration-policy","tag-residence-permits","tag-statistical-data","tag-temporary-migration"],"jetpack_featured_media_url":"","jetpack_sharing_enabled":true,"_links":{"self":[{"href":"https:\/\/swissmig.unine.ch\/index.php?rest_route=\/wp\/v2\/posts\/3409","targetHints":{"allow":["GET"]}}],"collection":[{"href":"https:\/\/swissmig.unine.ch\/index.php?rest_route=\/wp\/v2\/posts"}],"about":[{"href":"https:\/\/swissmig.unine.ch\/index.php?rest_route=\/wp\/v2\/types\/post"}],"author":[{"embeddable":true,"href":"https:\/\/swissmig.unine.ch\/index.php?rest_route=\/wp\/v2\/users\/4"}],"replies":[{"embeddable":true,"href":"https:\/\/swissmig.unine.ch\/index.php?rest_route=%2Fwp%2Fv2%2Fcomments&post=3409"}],"version-history":[{"count":0,"href":"https:\/\/swissmig.unine.ch\/index.php?rest_route=\/wp\/v2\/posts\/3409\/revisions"}],"wp:attachment":[{"href":"https:\/\/swissmig.unine.ch\/index.php?rest_route=%2Fwp%2Fv2%2Fmedia&parent=3409"}],"wp:term":[{"taxonomy":"category","embeddable":true,"href":"https:\/\/swissmig.unine.ch\/index.php?rest_route=%2Fwp%2Fv2%2Fcategories&post=3409"},{"taxonomy":"post_tag","embeddable":true,"href":"https:\/\/swissmig.unine.ch\/index.php?rest_route=%2Fwp%2Fv2%2Ftags&post=3409"}],"curies":[{"name":"wp","href":"https:\/\/api.w.org\/{rel}","templated":true}]}}