{"id":34081,"date":"2021-11-22T08:00:00","date_gmt":"2021-11-22T07:00:00","guid":{"rendered":"https:\/\/swissmig.wordpress.com\/?p=34081"},"modified":"2021-11-22T08:00:00","modified_gmt":"2021-11-22T07:00:00","slug":"sans-droit-a-la-formation","status":"publish","type":"post","link":"https:\/\/swissmig.unine.ch\/?p=34081","title":{"rendered":"Sans droit \u00e0 la formation"},"content":{"rendered":"<h3>Author(s) : Sofie Gollob<\/h3>\n<h3>Source : <a href=\"https:\/\/www.ep-web.ch\/fr\/article\/sans-droit-a-la-formation\" target=\"_blank\" rel=\"noopener\">https:\/\/www.ep-web.ch\/fr\/article\/sans-droit-a-la-formation<\/a><!--more--><\/h3>\n<blockquote>\n<p>&#8220;Malgr\u00e9 de longues ann\u00e9es de s\u00e9jour en Suisse, les demandeurs d\u2019asile dont la requ\u00eate a \u00e9t\u00e9 refus\u00e9e n\u2019ont pas acc\u00e8s aux offres de formation postobligatoires. Cette lacune de la responsabilit\u00e9 de l\u2019\u00c9tat est souvent combl\u00e9e par des organisations de b\u00e9n\u00e9voles telles que Solinetz \u00e0 Zurich ou la Coordination asile.ge \u00e0 Gen\u00e8ve. \u00c0 pr\u00e9sent, des revendications politiques se font entendre, r\u00e9clamant une am\u00e9lioration de l\u2019acc\u00e8s \u00e0 la formation, \u00e9galement pour les personnes sans permis de s\u00e9jour.&#8221;<\/p>\n<\/blockquote>\n\n\n<p><\/p>\n","protected":false},"excerpt":{"rendered":"<p>Author(s) : Sofie Gollob Source : https:\/\/www.ep-web.ch\/fr\/article\/sans-droit-a-la-formation<\/p>\n","protected":false},"author":4,"featured_media":0,"comment_status":"open","ping_status":"open","sticky":false,"template":"","format":"standard","meta":{"_kadence_starter_templates_imported_post":false,"_kad_post_transparent":"","_kad_post_title":"","_kad_post_layout":"","_kad_post_sidebar_id":"","_kad_post_content_style":"","_kad_post_vertical_padding":"","_kad_post_feature":"","_kad_post_feature_position":"","_kad_post_header":false,"_kad_post_footer":false,"_kad_post_classname":"","jetpack_post_was_ever_published":false,"_jetpack_newsletter_access":"","_jetpack_dont_email_post_to_subs":false,"_jetpack_newsletter_tier_id":0,"_jetpack_memberships_contains_paywalled_content":false,"_jetpack_memberships_contains_paid_content":false,"footnotes":""},"categories":[61],"tags":[693,407,49,50,514,274,78,79,52,341,128,19,117,262,118,246],"class_list":["post-34081","post","type-post","status-publish","format-standard","hentry","category-education","tag-693","tag-access-to-education","tag-asylum-policy","tag-asylum-seekers","tag-blog-article","tag-educational-inequality","tag-educational-system","tag-equal-opportunities","tag-french-language","tag-geneva","tag-human-rights","tag-labour-market","tag-school-integration","tag-undocumented-immigrants","tag-youth","tag-zurich"],"jetpack_featured_media_url":"","jetpack_sharing_enabled":true,"_links":{"self":[{"href":"https:\/\/swissmig.unine.ch\/index.php?rest_route=\/wp\/v2\/posts\/34081","targetHints":{"allow":["GET"]}}],"collection":[{"href":"https:\/\/swissmig.unine.ch\/index.php?rest_route=\/wp\/v2\/posts"}],"about":[{"href":"https:\/\/swissmig.unine.ch\/index.php?rest_route=\/wp\/v2\/types\/post"}],"author":[{"embeddable":true,"href":"https:\/\/swissmig.unine.ch\/index.php?rest_route=\/wp\/v2\/users\/4"}],"replies":[{"embeddable":true,"href":"https:\/\/swissmig.unine.ch\/index.php?rest_route=%2Fwp%2Fv2%2Fcomments&post=34081"}],"version-history":[{"count":0,"href":"https:\/\/swissmig.unine.ch\/index.php?rest_route=\/wp\/v2\/posts\/34081\/revisions"}],"wp:attachment":[{"href":"https:\/\/swissmig.unine.ch\/index.php?rest_route=%2Fwp%2Fv2%2Fmedia&parent=34081"}],"wp:term":[{"taxonomy":"category","embeddable":true,"href":"https:\/\/swissmig.unine.ch\/index.php?rest_route=%2Fwp%2Fv2%2Fcategories&post=34081"},{"taxonomy":"post_tag","embeddable":true,"href":"https:\/\/swissmig.unine.ch\/index.php?rest_route=%2Fwp%2Fv2%2Ftags&post=34081"}],"curies":[{"name":"wp","href":"https:\/\/api.w.org\/{rel}","templated":true}]}}