{"id":34061,"date":"2021-11-22T08:00:00","date_gmt":"2021-11-22T07:00:00","guid":{"rendered":"https:\/\/swissmig.wordpress.com\/?p=34061"},"modified":"2021-11-22T08:00:00","modified_gmt":"2021-11-22T07:00:00","slug":"parcours-dobstacles-lintegration-des-personnes-relevant-de-lasile-dans-le-canton-de-vaud-des-normes-institutionnelles-aux-trajectoires-individuelles","status":"publish","type":"post","link":"https:\/\/swissmig.unine.ch\/?p=34061","title":{"rendered":"Parcours d\u2019obstacles &#8211; L\u2019int\u00e9gration des personnes relevant de l\u2019asile dans le canton de Vaud : des normes institutionnelles aux trajectoires individuelles"},"content":{"rendered":"<h3>Author(s) : Elise Epiney, Maude Reitz, Morgane Kuehni, Rainer Gabriel<\/h3>\n<h3>Source : <a href=\"https:\/\/doi.org\/10.21256\/zhaw-23266\" target=\"_blank\" rel=\"noopener\">https:\/\/doi.org\/10.21256\/zhaw-23266<\/a><\/h3>\n<p><strong>Abstract: <\/strong><!--more--><\/p>\n<blockquote>\n<div class=\"hlFld-Abstract\">\n<div class=\"abstractSection abstractInFull\">&#8220;<span id=\"page9R_mcid2\" class=\"markedContent\"><span dir=\"ltr\" role=\"presentation\">Ces derni\u00e8res ann\u00e9es, le paysage politique et l\u00e9gislatif helv\u00e9tique a \u00e9t\u00e9 marqu\u00e9 par plusieurs <\/span><span dir=\"ltr\" role=\"presentation\">r\u00e9formes importantes dans les domaines de l\u2019asile et de l\u2019int\u00e9gration. Le 1<\/span><span dir=\"ltr\" role=\"presentation\">er<\/span> <span dir=\"ltr\" role=\"presentation\">janvier 2019, sont <\/span><span dir=\"ltr\" role=\"presentation\">entr\u00e9es en vigueur les nouvelles dispositions de la loi f<\/span><span dir=\"ltr\" role=\"presentation\">\u00e9<\/span><span dir=\"ltr\" role=\"presentation\">d<\/span><span dir=\"ltr\" role=\"presentation\">\u00e9<\/span><span dir=\"ltr\" role=\"presentation\">rale sur les <\/span><span dir=\"ltr\" role=\"presentation\">\u00e9<\/span><span dir=\"ltr\" role=\"presentation\">trangers et l\u2019int\u00e9gration <\/span><span dir=\"ltr\" role=\"presentation\">(LEI), ainsi que les versions modifi\u00e9es des ordonnances relatives <\/span><span dir=\"ltr\" role=\"presentation\">\u00e0<\/span> <span dir=\"ltr\" role=\"presentation\">l\u2019admission, au s<\/span><span dir=\"ltr\" role=\"presentation\">\u00e9<\/span><span dir=\"ltr\" role=\"presentation\">jour et <\/span><span dir=\"ltr\" role=\"presentation\">\u00e0<\/span> <br role=\"presentation\" \/><span dir=\"ltr\" role=\"presentation\">l\u2019exercice d\u2019une activit<\/span><span dir=\"ltr\" role=\"presentation\">\u00e9<\/span> <span dir=\"ltr\" role=\"presentation\">lucrative (OASA) ainsi qu\u2019<\/span><span dir=\"ltr\" role=\"presentation\">\u00e0<\/span> <span dir=\"ltr\" role=\"presentation\">l\u2019int<\/span><span dir=\"ltr\" role=\"presentation\">\u00e9<\/span><span dir=\"ltr\" role=\"presentation\">gration des <\/span><span dir=\"ltr\" role=\"presentation\">\u00e9<\/span><span dir=\"ltr\" role=\"presentation\">trangers (OIE). Entr\u00e9e <\/span><span dir=\"ltr\" role=\"presentation\">en vigueur le <\/span><span dir=\"ltr\" role=\"presentation\">1<\/span><span dir=\"ltr\" role=\"presentation\">er<\/span> <span dir=\"ltr\" role=\"presentation\">mars 2019, la nouvelle loi sur l\u2019asile (LAsi) a engendr\u00e9 une restructuration <\/span><span dir=\"ltr\" role=\"presentation\">profonde du r\u00e9gime de l\u2019asile marqu\u00e9e en particulier par l\u2019acc\u00e9l\u00e9ration des proc\u00e9dures de <\/span><span dir=\"ltr\" role=\"presentation\">demande d\u2019asile. <\/span><span dir=\"ltr\" role=\"presentation\">Reposant sur le principe \u00ab<\/span> <span dir=\"ltr\" role=\"presentation\">encourager et exiger<\/span> <span dir=\"ltr\" role=\"presentation\">\u00bb, la politique suis<\/span><span dir=\"ltr\" role=\"presentation\">se en <\/span><br role=\"presentation\" \/><span dir=\"ltr\" role=\"presentation\">mati\u00e8re d\u2019int\u00e9gration envisage l\u2019int\u00e9gration comme un processus mutuel et r\u00e9ciproque fond\u00e9 <\/span><span dir=\"ltr\" role=\"presentation\">sur la supposition que les personnes \u00e9trang\u00e8res sont dispos\u00e9es \u00e0 s\u2019ins\u00e9rer dans un contexte <\/span><span dir=\"ltr\" role=\"presentation\">social donn\u00e9 et que la communaut\u00e9 participe \u00e0 leur accueil dans un <\/span><span dir=\"ltr\" role=\"presentation\">esprit d\u2019ouverture.<\/span><\/span>&#8220;<\/div>\n<\/div>\n<\/blockquote>\n","protected":false},"excerpt":{"rendered":"<p>Author(s) : Elise Epiney, Maude Reitz, Morgane Kuehni, Rainer Gabriel&#8230;<\/p>\n","protected":false},"author":4,"featured_media":0,"comment_status":"open","ping_status":"open","sticky":false,"template":"","format":"standard","meta":{"_kadence_starter_templates_imported_post":false,"_kad_post_transparent":"","_kad_post_title":"","_kad_post_layout":"","_kad_post_sidebar_id":"","_kad_post_content_style":"","_kad_post_vertical_padding":"","_kad_post_feature":"","_kad_post_feature_position":"","_kad_post_header":false,"_kad_post_footer":false,"_kad_post_classname":"","jetpack_post_was_ever_published":false,"_jetpack_newsletter_access":"","_jetpack_dont_email_post_to_subs":false,"_jetpack_newsletter_tier_id":0,"_jetpack_memberships_contains_paywalled_content":false,"_jetpack_memberships_contains_paid_content":false,"footnotes":""},"categories":[12],"tags":[693,49,112,50,52,387,160,129,719,370,309],"class_list":["post-34061","post","type-post","status-publish","format-standard","hentry","category-politics","tag-693","tag-asylum-policy","tag-asylum-procedure","tag-asylum-seekers","tag-french-language","tag-integration-policy","tag-integration-programmes","tag-law","tag-refugee-law","tag-vaud","tag-working-paper"],"jetpack_featured_media_url":"","jetpack_sharing_enabled":true,"_links":{"self":[{"href":"https:\/\/swissmig.unine.ch\/index.php?rest_route=\/wp\/v2\/posts\/34061","targetHints":{"allow":["GET"]}}],"collection":[{"href":"https:\/\/swissmig.unine.ch\/index.php?rest_route=\/wp\/v2\/posts"}],"about":[{"href":"https:\/\/swissmig.unine.ch\/index.php?rest_route=\/wp\/v2\/types\/post"}],"author":[{"embeddable":true,"href":"https:\/\/swissmig.unine.ch\/index.php?rest_route=\/wp\/v2\/users\/4"}],"replies":[{"embeddable":true,"href":"https:\/\/swissmig.unine.ch\/index.php?rest_route=%2Fwp%2Fv2%2Fcomments&post=34061"}],"version-history":[{"count":0,"href":"https:\/\/swissmig.unine.ch\/index.php?rest_route=\/wp\/v2\/posts\/34061\/revisions"}],"wp:attachment":[{"href":"https:\/\/swissmig.unine.ch\/index.php?rest_route=%2Fwp%2Fv2%2Fmedia&parent=34061"}],"wp:term":[{"taxonomy":"category","embeddable":true,"href":"https:\/\/swissmig.unine.ch\/index.php?rest_route=%2Fwp%2Fv2%2Fcategories&post=34061"},{"taxonomy":"post_tag","embeddable":true,"href":"https:\/\/swissmig.unine.ch\/index.php?rest_route=%2Fwp%2Fv2%2Ftags&post=34061"}],"curies":[{"name":"wp","href":"https:\/\/api.w.org\/{rel}","templated":true}]}}