{"id":34050,"date":"2021-11-15T08:00:00","date_gmt":"2021-11-15T07:00:00","guid":{"rendered":"https:\/\/swissmig.wordpress.com\/?p=34050"},"modified":"2021-11-15T08:00:00","modified_gmt":"2021-11-15T07:00:00","slug":"zusammenleben-in-der-schweiz-gesamtauswertung-der-vorhandenen-daten-2010-2020-vivre-ensemble-en-suisse-evaluation-globale-des-donnees-disponibles-pour-la-periode-2010-2020","status":"publish","type":"post","link":"https:\/\/swissmig.unine.ch\/?p=34050","title":{"rendered":"Zusammenleben in der Schweiz: Gesamtauswertung der vorhandenen Daten 2010\u20132020 \/ Vivre ensemble en Suisse : \u00e9valuation globale des donn\u00e9es disponibles pour la p\u00e9riode 2010-2020"},"content":{"rendered":"<h3>Author(s) : Didier Ruedin<\/h3>\n<h3>Source : GER <a href=\"https:\/\/www.edi.admin.ch\/dam\/edi\/de\/dokumente\/FRB\/Neue%20Website%20FRB\/Monitoring%20und%20Berichterstattung\/Thematische%20Berichte\/Gesamtauswertung_2021_D.pdf.download.pdf\/Gesamtauswertung_2021_D.pdf\" target=\"_blank\" rel=\"noopener\">https:\/\/www.edi.admin.ch\/dam\/edi\/de\/dokumente\/FRB\/Neue%20Website%20FRB\/Monitoring%20und%20Berichterstattung\/Thematische%20Berichte\/Gesamtauswertung_2021_D.pdf.download.pdf\/Gesamtauswertung_2021_D.pdf<\/a><\/h3>\n<h3>Source : FRE <a href=\"https:\/\/www.edi.admin.ch\/dam\/edi\/fr\/dokumente\/FRB\/Neue%20Website%20FRB\/Monitoring%20und%20Berichterstattung\/Thematische%20Berichte\/Gesamtauswertung_2021_F.pdf.download.pdf\/Gesamtauswertung_2021_F.pdf\" target=\"_blank\" rel=\"noopener\">https:\/\/www.edi.admin.ch\/dam\/edi\/fr\/dokumente\/FRB\/Neue%20Website%20FRB\/Monitoring%20und%20Berichterstattung\/Thematische%20Berichte\/Gesamtauswertung_2021_F.pdf.download.pdf\/Gesamtauswertung_2021_F.pdf<\/a><\/h3>\n<p><strong>Abstract: <\/strong><!--more--><\/p>\n<blockquote>\n<div class=\"hlFld-Abstract\">\n<div>&#8220;<span id=\"page502R_mcid1\" class=\"markedContent\"><span dir=\"ltr\" role=\"presentation\">Die <\/span><span dir=\"ltr\" role=\"presentation\">Erhebung <\/span><span dir=\"ltr\" role=\"presentation\">Zusammenleben <\/span><span dir=\"ltr\" role=\"presentation\">in <\/span><span dir=\"ltr\" role=\"presentation\">der <\/span><span dir=\"ltr\" role=\"presentation\">Schweiz<\/span> <span dir=\"ltr\" role=\"presentation\">(ZidS) <\/span><span dir=\"ltr\" role=\"presentation\">wird <\/span><span dir=\"ltr\" role=\"presentation\">von <\/span><span dir=\"ltr\" role=\"presentation\">der <\/span><span dir=\"ltr\" role=\"presentation\">Fachstelle <\/span><span dir=\"ltr\" role=\"presentation\">f\u00fcr <\/span><span dir=\"ltr\" role=\"presentation\">Rassismusbek\u00e4mpfung FRB zusammen mit dem Bundesamt f\u00fcr Statistik BFS durchgef\u00fchrt, um <\/span><span dir=\"ltr\" role=\"presentation\">gesellschaftliche Entwicklungen in Bezug auf Rassismus, Fremdenfeindlichkeit und Diskriminierung <\/span><span dir=\"ltr\" role=\"presentation\">verfolgen zu k\u00f6nnen. Sie dient der Politik als Orientierungshilfe f\u00fcr die Bek\u00e4mpfung von Rassismus und <\/span><span dir=\"ltr\" role=\"presentation\">die Entwicklung der Integrationspolitik. In einer ausf\u00fchrlichen Pilotphase und einer Vorstudie wurde die <\/span><span dir=\"ltr\" role=\"presentation\">Erhebung mit dem Ziel vorbereitet, eine systematische Erfassung von Einstellungen zu rassistischer <\/span><span dir=\"ltr\" role=\"presentation\">Diskriminierung in der Schweiz durchzuf\u00fchren.<\/span><\/span><span id=\"page502R_mcid22\" class=\"markedContent\"><span dir=\"ltr\" role=\"presentation\"> Dadurch konnte die Erhebung ZidS von Beginn weg <\/span><span dir=\"ltr\" role=\"presentation\">auf einem soliden wissenschaftlichen Fundament aufbauen, in dem im Rahmen des Nationalen <\/span><span dir=\"ltr\" role=\"presentation\">Forschungsprogramms \u201cRechtsextremismus\u201d (NFP 40+) der Zusammenhang zwischen Misanthropie <\/span><span dir=\"ltr\" role=\"presentation\">und rechtsextremen Einstellungen untersucht wurde.<\/span><\/span><span id=\"page502R_mcid24\" class=\"markedContent\"><span dir=\"ltr\" role=\"presentation\"> Diese \u00dcberlegungen wurden in der Pilotphase <\/span><span dir=\"ltr\" role=\"presentation\">dahingehend konkretisiert, dass sie in einer standardisierten Erhebung umsetzbar sind.&#8221;<\/span><\/span><\/div>\n<div><\/div>\n<div class=\"abstractSection abstractInFull\">&#8220;<span id=\"page498R_mcid1\" class=\"markedContent\"><span dir=\"ltr\" role=\"presentation\">L\u2019enqu\u00eate <\/span><span dir=\"ltr\" role=\"presentation\">Vivre ensemble en Suisse <\/span><span dir=\"ltr\" role=\"presentation\">(VeS) est r\u00e9alis\u00e9e par le Service de lutte contre le racisme (SLR) <\/span><span dir=\"ltr\" role=\"presentation\">en collaboration avec l\u2019Office f\u00e9d\u00e9ral de la statistique (OFS). Elle a pour objectif de suivre les \u00e9volutions <\/span><span dir=\"ltr\" role=\"presentation\">que conna\u00eet la soci\u00e9t\u00e9 en mati\u00e8re de racisme, de x\u00e9nophobie et de discrimination. Elle sert d\u2019orientation <\/span><span dir=\"ltr\" role=\"presentation\">aux d\u00e9cideurs politiques dans le cadre de la lutte contre le racisme et du d\u00e9veloppement de la politique <\/span><span dir=\"ltr\" role=\"presentation\">d\u2019int\u00e9gration. Dans le cadre d\u2019une phase pilote d\u00e9taill\u00e9e et d\u2019une \u00e9tude pr\u00e9liminaire, l\u2019enqu\u00eate a \u00e9t\u00e9 <\/span><span dir=\"ltr\" role=\"presentation\">pr\u00e9par\u00e9e en vue d\u2019effectuer une r\u00e9colte syst\u00e9matique des donn\u00e9es concernant les attitudes en lien avec <\/span><span dir=\"ltr\" role=\"presentation\">la discrimination raciale en Suisse<\/span><\/span><span id=\"page498R_mcid17\" class=\"markedContent\"><span dir=\"ltr\" role=\"presentation\">. L\u2019enqu\u00eate VeS a ainsi pu s\u2019appuyer d\u00e8s le d\u00e9part sur une base <\/span><span dir=\"ltr\" role=\"presentation\">scientifique solide, qui a permis d\u2019\u00e9tudier le rapport entre la misanthropie et les positions d\u2019extr\u00eame <\/span><span dir=\"ltr\" role=\"presentation\">droite dans le cadre du Programme national de recherche \u00ab Extr\u00e9misme de droite \u00bb (PNR 40+)<\/span><\/span><span id=\"page498R_mcid19\" class=\"markedContent\"><span dir=\"ltr\" role=\"presentation\">. Ces <\/span><span dir=\"ltr\" role=\"presentation\">r\u00e9flexions ont \u00e9t\u00e9 concr\u00e9tis\u00e9es au cours de la phase pilote, de telle sorte qu\u2019elles peuvent aujourd\u2019hui <\/span><span dir=\"ltr\" role=\"presentation\">\u00eatre appliqu\u00e9es dans des enqu\u00eates standardis\u00e9es<\/span><\/span><span id=\"page498R_mcid21\" class=\"markedContent\"><span dir=\"ltr\" role=\"presentation\">.<\/span><\/span>&#8220;<\/div>\n<\/div>\n<\/blockquote>\n","protected":false},"excerpt":{"rendered":"<p>Author(s) : Didier Ruedin Source : GER https:\/\/www.edi.admin.ch\/dam\/edi\/de\/dokumente\/FRB\/Neue%20Website%20FRB\/Monitoring%20und%20Berichterstattung\/Thematische%20Berichte\/Gesamtauswertung_2021_D.pdf.download.pdf\/Gesamtauswertung_2021_D.pdf Source :&#8230;<\/p>\n","protected":false},"author":4,"featured_media":0,"comment_status":"open","ping_status":"open","sticky":false,"template":"","format":"standard","meta":{"_kadence_starter_templates_imported_post":false,"_kad_post_transparent":"","_kad_post_title":"","_kad_post_layout":"","_kad_post_sidebar_id":"","_kad_post_content_style":"","_kad_post_vertical_padding":"","_kad_post_feature":"","_kad_post_feature_position":"","_kad_post_header":false,"_kad_post_footer":false,"_kad_post_classname":"","jetpack_post_was_ever_published":false,"_jetpack_newsletter_access":"","_jetpack_dont_email_post_to_subs":false,"_jetpack_newsletter_tier_id":0,"_jetpack_memberships_contains_paywalled_content":false,"_jetpack_memberships_contains_paid_content":false,"footnotes":""},"categories":[24],"tags":[693,37,120,82,52,73,387,104,89,334,249,254,143,97],"class_list":["post-34050","post","type-post","status-publish","format-standard","hentry","category-society-family-racism","tag-693","tag-attitudes-towards-migrants","tag-data-analysis","tag-ethnic-discrimination","tag-french-language","tag-german-language","tag-integration-policy","tag-living-conditions","tag-national-research-program","tag-racism","tag-report","tag-right-wing-radicalism","tag-statistical-data","tag-xenophobia"],"jetpack_featured_media_url":"","jetpack_sharing_enabled":true,"_links":{"self":[{"href":"https:\/\/swissmig.unine.ch\/index.php?rest_route=\/wp\/v2\/posts\/34050","targetHints":{"allow":["GET"]}}],"collection":[{"href":"https:\/\/swissmig.unine.ch\/index.php?rest_route=\/wp\/v2\/posts"}],"about":[{"href":"https:\/\/swissmig.unine.ch\/index.php?rest_route=\/wp\/v2\/types\/post"}],"author":[{"embeddable":true,"href":"https:\/\/swissmig.unine.ch\/index.php?rest_route=\/wp\/v2\/users\/4"}],"replies":[{"embeddable":true,"href":"https:\/\/swissmig.unine.ch\/index.php?rest_route=%2Fwp%2Fv2%2Fcomments&post=34050"}],"version-history":[{"count":0,"href":"https:\/\/swissmig.unine.ch\/index.php?rest_route=\/wp\/v2\/posts\/34050\/revisions"}],"wp:attachment":[{"href":"https:\/\/swissmig.unine.ch\/index.php?rest_route=%2Fwp%2Fv2%2Fmedia&parent=34050"}],"wp:term":[{"taxonomy":"category","embeddable":true,"href":"https:\/\/swissmig.unine.ch\/index.php?rest_route=%2Fwp%2Fv2%2Fcategories&post=34050"},{"taxonomy":"post_tag","embeddable":true,"href":"https:\/\/swissmig.unine.ch\/index.php?rest_route=%2Fwp%2Fv2%2Ftags&post=34050"}],"curies":[{"name":"wp","href":"https:\/\/api.w.org\/{rel}","templated":true}]}}