{"id":34043,"date":"2021-11-15T08:00:00","date_gmt":"2021-11-15T07:00:00","guid":{"rendered":"https:\/\/swissmig.wordpress.com\/?p=34043"},"modified":"2021-11-15T08:00:00","modified_gmt":"2021-11-15T07:00:00","slug":"actualite-et-portee-de-la-convention-de-1951-relative-au-statut-des-refugies-rapport-du-conseil-federal-en-reponse-au-postulat-18-3930-damian-muller-du-27-septembre-2018-aktualitat-und-bedeutung-de","status":"publish","type":"post","link":"https:\/\/swissmig.unine.ch\/?p=34043","title":{"rendered":"Actualit\u00e9 et port\u00e9e de la Convention de 1951 relative au statut des r\u00e9fugi\u00e9s. Rapport du Conseil f\u00e9d\u00e9ral en r\u00e9ponse au postulat 18.3930 Damian M\u00fcller du 27 septembre 2018 \/ Aktualit\u00e4t und Bedeutung der Fl\u00fcchtlingskonvention von 1951  Bericht des Bundesrates in Erf\u00fcllung des Postulates 18.3930, M\u00fcller Damian, 27. September 2018"},"content":{"rendered":"<h3>Author(s) : Conf\u00e9d\u00e9ration suisse \/ Schweizerische Eidgenossenschaft<\/h3>\n<h3>Source : FRE <a href=\"https:\/\/www.newsd.admin.ch\/newsd\/message\/attachments\/67245.pdf\" target=\"_blank\" rel=\"noopener\">https:\/\/www.newsd.admin.ch\/newsd\/message\/attachments\/67245.pdf<\/a><\/h3>\n<h3>Source : GER <a href=\"https:\/\/www.newsd.admin.ch\/newsd\/message\/attachments\/67244.pdf\" target=\"_blank\" rel=\"noopener\">https:\/\/www.newsd.admin.ch\/newsd\/message\/attachments\/67244.pdf<\/a><\/h3>\n<p><strong>Abstract: <\/strong><!--more--><\/p>\n<blockquote>\n<div class=\"hlFld-Abstract\">\n<div class=\"abstractSection abstractInFull\">&#8220;<span id=\"page6R_mcid1\" class=\"markedContent\"><span dir=\"ltr\" role=\"presentation\">Le postulat 18.3930, d\u00e9pos\u00e9 par Damian M\u00fcller le 27 septembre 2018 sous le titre \u00ab Adaptation de la <\/span><span dir=\"ltr\" role=\"presentation\">Convention de 1951 relative au statut des r\u00e9fugi\u00e9s \u00bb, charge le Conseil f\u00e9d\u00e9ral de pr\u00e9senter un rapport <\/span><span dir=\"ltr\" role=\"presentation\">sur l\u2019opportunit\u00e9 d\u2019une r\u00e9vision de la Convention du 28 juillet 1951 relative au statut des r\u00e9fugi\u00e9s <\/span><span dir=\"ltr\" role=\"presentation\">(RS 0.142.30 ; ci-apr\u00e8s CR). <span id=\"page6R_mcid6\" class=\"markedContent\">Les experts mandat\u00e9s et le groupe de suivi s\u2019accordent \u00e0 consid\u00e9rer que la CR reste en ad\u00e9quation avec les exigences actuelles en mati\u00e8re de protection des r\u00e9fugi\u00e9s. Le Conseil f\u00e9d\u00e9ral est ainsi confort\u00e9 dans sa conviction que la CR ne n\u00e9cessite pas de modifications. La communaut\u00e9 internationale a <span id=\"page11R_mcid0\" class=\"markedContent\">rappel\u00e9 \u00e0 plusieurs reprises l\u2019importance et l\u2019actualit\u00e9 de cet instrument. Il n\u2019est d\u00e8s lors pas dans l\u2019int\u00e9r\u00eat de la Suisse de le remettre en question.<\/span><\/span><\/span><\/span>&#8220;<\/div>\n<div><\/div>\n<div>&#8220;<span id=\"page6R_mcid1\" class=\"markedContent\"><span dir=\"ltr\" role=\"presentation\">Im Rahmen des Postulates 18.3930, M\u00fcller Damian \u00abAnpassung der Fl\u00fcchtlingskonvention von 1951\u00bb <\/span><span dir=\"ltr\" role=\"presentation\">vom 27. September 2018 wird der Bundesrat beauftragt, einen Bericht zu erstellen, um eine Revision <\/span><span dir=\"ltr\" role=\"presentation\">des Abkommens vom 28. Juli 1951 \u00fcber die Rechtsstellung der Fl\u00fcchtlinge (FK; SR 0.142.30) zu pr\u00fcfen. <span id=\"page6R_mcid6\" class=\"markedContent\">Sowohl die Gutachter wie auch die Begleitgruppe kommen zum Schluss, dass die FK den aktuellen Anforderungen weiterhin gerecht wird. Der Bundesrat sieht sich dadurch in seiner Auffassung best\u00e4rkt, wonach die FK keiner Anpassung bedarf. Die Wichtigkeit und Aktualit\u00e4t der FK wurde von der <span id=\"page11R_mcid0\" class=\"markedContent\">Staatengemeinschaft wiederholt best\u00e4tigt und bekr\u00e4ftigt. Es ist daher nicht im Interesse der Schweiz, <br role=\"presentation\" \/>die FK in Frage zu stellen.<\/span>&#8220;<\/span><\/span><\/span><\/div>\n<\/div>\n<\/blockquote>\n","protected":false},"excerpt":{"rendered":"<p>Author(s) : Conf\u00e9d\u00e9ration suisse \/ Schweizerische Eidgenossenschaft Source : FRE&#8230;<\/p>\n","protected":false},"author":4,"featured_media":0,"comment_status":"open","ping_status":"open","sticky":false,"template":"","format":"standard","meta":{"_kadence_starter_templates_imported_post":false,"_kad_post_transparent":"","_kad_post_title":"","_kad_post_layout":"","_kad_post_sidebar_id":"","_kad_post_content_style":"","_kad_post_vertical_padding":"","_kad_post_feature":"","_kad_post_feature_position":"","_kad_post_header":false,"_kad_post_footer":false,"_kad_post_classname":"","jetpack_post_was_ever_published":false,"_jetpack_newsletter_access":"","_jetpack_dont_email_post_to_subs":false,"_jetpack_newsletter_tier_id":0,"_jetpack_memberships_contains_paywalled_content":false,"_jetpack_memberships_contains_paid_content":false,"footnotes":""},"categories":[12],"tags":[693,52,609,73,128,218,325,206,719,643,249],"class_list":["post-34043","post","type-post","status-publish","format-standard","hentry","category-politics","tag-693","tag-french-language","tag-geneva-convention","tag-german-language","tag-human-rights","tag-international-relations","tag-methodology","tag-political-activities","tag-refugee-law","tag-refugee-status","tag-report"],"jetpack_featured_media_url":"","jetpack_sharing_enabled":true,"_links":{"self":[{"href":"https:\/\/swissmig.unine.ch\/index.php?rest_route=\/wp\/v2\/posts\/34043","targetHints":{"allow":["GET"]}}],"collection":[{"href":"https:\/\/swissmig.unine.ch\/index.php?rest_route=\/wp\/v2\/posts"}],"about":[{"href":"https:\/\/swissmig.unine.ch\/index.php?rest_route=\/wp\/v2\/types\/post"}],"author":[{"embeddable":true,"href":"https:\/\/swissmig.unine.ch\/index.php?rest_route=\/wp\/v2\/users\/4"}],"replies":[{"embeddable":true,"href":"https:\/\/swissmig.unine.ch\/index.php?rest_route=%2Fwp%2Fv2%2Fcomments&post=34043"}],"version-history":[{"count":0,"href":"https:\/\/swissmig.unine.ch\/index.php?rest_route=\/wp\/v2\/posts\/34043\/revisions"}],"wp:attachment":[{"href":"https:\/\/swissmig.unine.ch\/index.php?rest_route=%2Fwp%2Fv2%2Fmedia&parent=34043"}],"wp:term":[{"taxonomy":"category","embeddable":true,"href":"https:\/\/swissmig.unine.ch\/index.php?rest_route=%2Fwp%2Fv2%2Fcategories&post=34043"},{"taxonomy":"post_tag","embeddable":true,"href":"https:\/\/swissmig.unine.ch\/index.php?rest_route=%2Fwp%2Fv2%2Ftags&post=34043"}],"curies":[{"name":"wp","href":"https:\/\/api.w.org\/{rel}","templated":true}]}}