{"id":3404,"date":"2020-01-06T09:00:30","date_gmt":"2020-01-06T08:00:30","guid":{"rendered":"https:\/\/swissmig.wordpress.com\/?p=3404"},"modified":"2020-01-06T09:00:30","modified_gmt":"2020-01-06T08:00:30","slug":"refugie-es-lgbti-guide-pratique-pour-un-accueil-inclusif-et-egalitaire","status":"publish","type":"post","link":"https:\/\/swissmig.unine.ch\/?p=3404","title":{"rendered":"R\u00e9fugi\u00e9.es LGBTI : guide pratique pour un accueil inclusif et \u00e9galitaire"},"content":{"rendered":"<h3>Author(s) : Asile LGBT Gen\u00e8ve<\/h3>\n<h3>Source : <a href=\"https:\/\/asile-lgbt.ch\/wp-content\/uploads\/2016\/05\/asileLGBTI-brochure.pdf\" target=\"_blank\" rel=\"noopener\">https:\/\/asile-lgbt.ch\/wp-content\/uploads\/2016\/05\/asileLGBTI-brochure.pdf<\/a><\/h3>\n<p><strong>Abstract: <\/strong><!--more--><\/p>\n<blockquote>\n<p style=\"text-align:left;\">&#8220;Alors que le nombre de demandes d\u2019asile d\u00e9pos\u00e9es pour des motifs d\u2019orientation sexuelle et\/ou d\u2019identit\u00e9 de genre est en augmentation, les r\u00e9fugi\u00e9.es LGBTI (lesbiennes, gays, bisexuel.les, transgenres et intersexes) restent largement invisibles au sein des dispositifs d\u2019accueil institutionnels et associatifs. Parall\u00e8lement, les acteurs en charge de leur accueil et de leur accompagnement peinent \u00e0 r\u00e9pondre de fa\u00e7on adapt\u00e9e aux besoins sp\u00e9cifiques de ce groupe, qu\u2019ils n\u2019arrivent souvent pas \u00e0 identifier. Afin de comprendre et de combattre les m\u00e9canismes d\u2019invisibilisation et de marginalisation des r\u00e9fugi\u00e9.es LGBTI, le projet Asile LGBT Gen\u00e8ve de la Coordination asile.ge a mis en place un ensemble d\u2019outils dont cette brochure fait partie. Elle a pour objectif principal de d\u00e9velopper la prise de conscience, les connaissances et les comp\u00e9tences sur les vuln\u00e9rabilit\u00e9s particuli\u00e8res des personnes LGBTI en situation de migration forc\u00e9e.&#8221;<\/p>\n<\/blockquote>\n<p>&nbsp;<\/p>\n","protected":false},"excerpt":{"rendered":"<p>Author(s) : Asile LGBT Gen\u00e8ve Source : https:\/\/asile-lgbt.ch\/wp-content\/uploads\/2016\/05\/asileLGBTI-brochure.pdf Abstract:<\/p>\n","protected":false},"author":4,"featured_media":0,"comment_status":"open","ping_status":"open","sticky":false,"template":"","format":"standard","meta":{"_kadence_starter_templates_imported_post":false,"_kad_post_transparent":"","_kad_post_title":"","_kad_post_layout":"","_kad_post_sidebar_id":"","_kad_post_content_style":"","_kad_post_vertical_padding":"","_kad_post_feature":"","_kad_post_feature_position":"","_kad_post_header":false,"_kad_post_footer":false,"_kad_post_classname":"","jetpack_post_was_ever_published":false,"_jetpack_newsletter_access":"","_jetpack_dont_email_post_to_subs":false,"_jetpack_newsletter_tier_id":0,"_jetpack_memberships_contains_paywalled_content":false,"_jetpack_memberships_contains_paid_content":false,"footnotes":""},"categories":[24],"tags":[48,49,112,50,483,613,52,148,426,233,249,449,652],"class_list":["post-3404","post","type-post","status-publish","format-standard","hentry","category-society-family-racism","tag-48","tag-asylum-policy","tag-asylum-procedure","tag-asylum-seekers","tag-communities","tag-forced-migration","tag-french-language","tag-gender","tag-gender-related-persecution","tag-minority-audiences","tag-report","tag-sex-discrimination","tag-sexual-minorities"],"jetpack_featured_media_url":"","jetpack_sharing_enabled":true,"_links":{"self":[{"href":"https:\/\/swissmig.unine.ch\/index.php?rest_route=\/wp\/v2\/posts\/3404","targetHints":{"allow":["GET"]}}],"collection":[{"href":"https:\/\/swissmig.unine.ch\/index.php?rest_route=\/wp\/v2\/posts"}],"about":[{"href":"https:\/\/swissmig.unine.ch\/index.php?rest_route=\/wp\/v2\/types\/post"}],"author":[{"embeddable":true,"href":"https:\/\/swissmig.unine.ch\/index.php?rest_route=\/wp\/v2\/users\/4"}],"replies":[{"embeddable":true,"href":"https:\/\/swissmig.unine.ch\/index.php?rest_route=%2Fwp%2Fv2%2Fcomments&post=3404"}],"version-history":[{"count":0,"href":"https:\/\/swissmig.unine.ch\/index.php?rest_route=\/wp\/v2\/posts\/3404\/revisions"}],"wp:attachment":[{"href":"https:\/\/swissmig.unine.ch\/index.php?rest_route=%2Fwp%2Fv2%2Fmedia&parent=3404"}],"wp:term":[{"taxonomy":"category","embeddable":true,"href":"https:\/\/swissmig.unine.ch\/index.php?rest_route=%2Fwp%2Fv2%2Fcategories&post=3404"},{"taxonomy":"post_tag","embeddable":true,"href":"https:\/\/swissmig.unine.ch\/index.php?rest_route=%2Fwp%2Fv2%2Ftags&post=3404"}],"curies":[{"name":"wp","href":"https:\/\/api.w.org\/{rel}","templated":true}]}}