{"id":34035,"date":"2021-11-08T08:00:00","date_gmt":"2021-11-08T07:00:00","guid":{"rendered":"https:\/\/swissmig.wordpress.com\/?p=34035"},"modified":"2021-11-08T08:00:00","modified_gmt":"2021-11-08T07:00:00","slug":"mit-und-nebeneinander-in-schweizer-gemeinden-wie-migration-von-der-ansassigen-bevolkerung-wahrgenommen-wird","status":"publish","type":"post","link":"https:\/\/swissmig.unine.ch\/?p=34035","title":{"rendered":"Mit- und Nebeneinander in Schweizer Gemeinden. Wie Migration von der ans\u00e4ssigen Bev\u00f6lkerung wahrgenommen wird"},"content":{"rendered":"<h3>Author(s) : Denise Efionayi-M\u00e4der, Jo\u00eblle Fehlmann, Johanna Probst, Didier Ruedin, Gianni D\u2019Amato<\/h3>\n<h3>Source :\u00a0<a href=\"https:\/\/www.unine.ch\/sfm\/wp-content\/uploads\/sites\/100\/SFM-Studies-77.pdf\" target=\"_blank\" rel=\"noopener\">https:\/\/www.unine.ch\/sfm\/wp-content\/uploads\/sites\/100\/SFM-Studies-77.pdf<\/a><\/h3>\n<h3><strong>Abstract: <\/strong><!--more--><\/h3>\n<blockquote>\n<div class=\"hlFld-Abstract\">\n<div class=\"abstractSection abstractInFull\">&#8220;<span id=\"page10R_mcid2\" class=\"markedContent\"><span dir=\"ltr\" role=\"presentation\">In der einschl\u00e4gigen Literatur wird viel \u00fcber <\/span><span dir=\"ltr\" role=\"presentation\">Migrationsverl\u00e4ufe, Zugewanderte und ihr Erleben geschrieben. <\/span><span dir=\"ltr\" role=\"presentation\">Zumindest in der <\/span><span dir=\"ltr\" role=\"presentation\">Schweiz <\/span><span dir=\"ltr\" role=\"presentation\">ist jedoch <\/span><span dir=\"ltr\" role=\"presentation\">bislang <\/span><span dir=\"ltr\" role=\"presentation\">wenig <\/span><span dir=\"ltr\" role=\"presentation\">dar\u00fcber <\/span><span dir=\"ltr\" role=\"presentation\">bekannt, <\/span><span dir=\"ltr\" role=\"presentation\">wie <\/span><span dir=\"ltr\" role=\"presentation\">die <\/span><span dir=\"ltr\" role=\"presentation\">ans\u00e4ssigen <\/span><span dir=\"ltr\" role=\"presentation\">Menschen <\/span><span dir=\"ltr\" role=\"presentation\">migrationsbedingte Ver\u00e4nderungen etwa am Wohnort, bei der Arbeit oder in der \u00d6ffentlichkeit wahrneh<\/span><span dir=\"ltr\" role=\"presentation\">men. <\/span><span dir=\"ltr\" role=\"presentation\">Dies mag gerade angesichts der Tatsache erstaunen, dass Zuwanderung insgesamt weit oben auf der <\/span><span dir=\"ltr\" role=\"presentation\">politischen <\/span><span dir=\"ltr\" role=\"presentation\">Agenda <\/span><span dir=\"ltr\" role=\"presentation\">steht <\/span><span dir=\"ltr\" role=\"presentation\">und <\/span><span dir=\"ltr\" role=\"presentation\">regelm\u00e4ssig <\/span><span dir=\"ltr\" role=\"presentation\">\u00f6ffentlich <\/span><span dir=\"ltr\" role=\"presentation\">debattiert <\/span><span dir=\"ltr\" role=\"presentation\">wird. <\/span><span dir=\"ltr\" role=\"presentation\">Im <\/span><span dir=\"ltr\" role=\"presentation\">Rahmen <\/span><span dir=\"ltr\" role=\"presentation\">dieser <\/span><span dir=\"ltr\" role=\"presentation\">regen <\/span><span dir=\"ltr\" role=\"presentation\">Auseinandersetzungen <\/span><span dir=\"ltr\" role=\"presentation\">sind <\/span><span dir=\"ltr\" role=\"presentation\">in <\/span><span dir=\"ltr\" role=\"presentation\">den <\/span><span dir=\"ltr\" role=\"presentation\">letzten <\/span><span dir=\"ltr\" role=\"presentation\">Jahrzehnten <\/span><span dir=\"ltr\" role=\"presentation\">zahlreiche<\/span> <span dir=\"ltr\" role=\"presentation\">Studien <\/span><span dir=\"ltr\" role=\"presentation\">in <\/span><span dir=\"ltr\" role=\"presentation\">Verbindung <\/span><span dir=\"ltr\" role=\"presentation\">mit <\/span><span dir=\"ltr\" role=\"presentation\">migrationspolitischen,<\/span> <span dir=\"ltr\" role=\"presentation\">&#8211;<\/span><span dir=\"ltr\" role=\"presentation\">geschichtlichen oder juristischen Belangen entstanden, die sich an Aussagen von <\/span><span dir=\"ltr\" role=\"presentation\">Fachleuten, <\/span><span dir=\"ltr\" role=\"presentation\">Entscheidungsinstanzen <\/span><span dir=\"ltr\" role=\"presentation\">oder <\/span><span dir=\"ltr\" role=\"presentation\">Abstimmungsergebnissen <\/span><span dir=\"ltr\" role=\"presentation\">orientieren. <\/span><span dir=\"ltr\" role=\"presentation\">Perspektiven <\/span><span dir=\"ltr\" role=\"presentation\">und <\/span><span dir=\"ltr\" role=\"presentation\">Einstellungen <\/span><span dir=\"ltr\" role=\"presentation\">der <\/span><span dir=\"ltr\" role=\"presentation\">Wohnbev\u00f6lkerun<\/span><span dir=\"ltr\" role=\"presentation\">g <\/span><span dir=\"ltr\" role=\"presentation\">kommen <\/span><span dir=\"ltr\" role=\"presentation\">dabei <\/span><span dir=\"ltr\" role=\"presentation\">hingegen <\/span><span dir=\"ltr\" role=\"presentation\">allenfalls <\/span><span dir=\"ltr\" role=\"presentation\">indirekt <\/span><span dir=\"ltr\" role=\"presentation\">zur <\/span><span dir=\"ltr\" role=\"presentation\">Sprache. <\/span><span dir=\"ltr\" role=\"presentation\">Diese <\/span><span dir=\"ltr\" role=\"presentation\">Feststellungen <\/span><span dir=\"ltr\" role=\"presentation\">veranlassten <\/span><span dir=\"ltr\" role=\"presentation\">die <\/span><span dir=\"ltr\" role=\"presentation\">Eidgen\u00f6ssische <\/span><span dir=\"ltr\" role=\"presentation\">Migrationsk<\/span><span dir=\"ltr\" role=\"presentation\">ommission <\/span><span dir=\"ltr\" role=\"presentation\">(EKM) <\/span><span dir=\"ltr\" role=\"presentation\">im <\/span><span dir=\"ltr\" role=\"presentation\">Austausch <\/span><span dir=\"ltr\" role=\"presentation\">mit <\/span><span dir=\"ltr\" role=\"presentation\">Interessierten<\/span> <span dir=\"ltr\" role=\"presentation\">aus Kantonen und des Schweizerischen Forums f\u00fcr Migrations<\/span><span dir=\"ltr\" role=\"presentation\">&#8211;<\/span> <span dir=\"ltr\" role=\"presentation\">und Bev\u00f6lkerungsstudien (SF<\/span><span dir=\"ltr\" role=\"presentation\">M) <\/span><span dir=\"ltr\" role=\"presentation\">der Universit\u00e4t Neuch\u00e2tel dazu, spontane Reaktionen und Einstellungen Ans\u00e4ssiger auf sozialen Wandel im <\/span><span dir=\"ltr\" role=\"presentation\">Allgemeinen und Migration im Besonderen ins Zentrum des Forschungsinteresses zu r\u00fccken. Ausgehend von <\/span><span dir=\"ltr\" role=\"presentation\">diesem Impuls entwickelten die beteiligten Pers<\/span><span dir=\"ltr\" role=\"presentation\">onen gemeinsam Ideen, Fragestellungen und methodische<\/span><span dir=\"ltr\" role=\"presentation\">s<\/span> <span dir=\"ltr\" role=\"presentation\">Vorgehen einer entsprechenden Studie.<\/span><\/span>&#8220;<\/div>\n<\/div>\n<\/blockquote>\n","protected":false},"excerpt":{"rendered":"<p>Author(s) : Denise Efionayi-M\u00e4der, Jo\u00eblle Fehlmann, Johanna Probst, Didier Ruedin,&#8230;<\/p>\n","protected":false},"author":4,"featured_media":0,"comment_status":"open","ping_status":"open","sticky":false,"template":"","format":"standard","meta":{"_kadence_starter_templates_imported_post":false,"_kad_post_transparent":"","_kad_post_title":"","_kad_post_layout":"","_kad_post_sidebar_id":"","_kad_post_content_style":"","_kad_post_vertical_padding":"","_kad_post_feature":"","_kad_post_feature_position":"","_kad_post_header":false,"_kad_post_footer":false,"_kad_post_classname":"","jetpack_post_was_ever_published":false,"_jetpack_newsletter_access":"","_jetpack_dont_email_post_to_subs":false,"_jetpack_newsletter_tier_id":0,"_jetpack_memberships_contains_paywalled_content":false,"_jetpack_memberships_contains_paid_content":false,"footnotes":""},"categories":[24],"tags":[654,37,483,57,552,421,518,73,301,104,122,36,411,249,645,91,376],"class_list":["post-34035","post","type-post","status-publish","format-standard","hentry","category-society-family-racism","tag-654","tag-attitudes-towards-migrants","tag-communities","tag-comparative-analysis","tag-demographic-impact","tag-ethnic-diversity","tag-evaluation","tag-german-language","tag-globalization","tag-living-conditions","tag-migrants","tag-migration-policy","tag-perception","tag-report","tag-sfm-studies","tag-social-integration","tag-urban-areas"],"jetpack_featured_media_url":"","jetpack_sharing_enabled":true,"_links":{"self":[{"href":"https:\/\/swissmig.unine.ch\/index.php?rest_route=\/wp\/v2\/posts\/34035","targetHints":{"allow":["GET"]}}],"collection":[{"href":"https:\/\/swissmig.unine.ch\/index.php?rest_route=\/wp\/v2\/posts"}],"about":[{"href":"https:\/\/swissmig.unine.ch\/index.php?rest_route=\/wp\/v2\/types\/post"}],"author":[{"embeddable":true,"href":"https:\/\/swissmig.unine.ch\/index.php?rest_route=\/wp\/v2\/users\/4"}],"replies":[{"embeddable":true,"href":"https:\/\/swissmig.unine.ch\/index.php?rest_route=%2Fwp%2Fv2%2Fcomments&post=34035"}],"version-history":[{"count":0,"href":"https:\/\/swissmig.unine.ch\/index.php?rest_route=\/wp\/v2\/posts\/34035\/revisions"}],"wp:attachment":[{"href":"https:\/\/swissmig.unine.ch\/index.php?rest_route=%2Fwp%2Fv2%2Fmedia&parent=34035"}],"wp:term":[{"taxonomy":"category","embeddable":true,"href":"https:\/\/swissmig.unine.ch\/index.php?rest_route=%2Fwp%2Fv2%2Fcategories&post=34035"},{"taxonomy":"post_tag","embeddable":true,"href":"https:\/\/swissmig.unine.ch\/index.php?rest_route=%2Fwp%2Fv2%2Ftags&post=34035"}],"curies":[{"name":"wp","href":"https:\/\/api.w.org\/{rel}","templated":true}]}}