{"id":34031,"date":"2021-11-08T08:00:00","date_gmt":"2021-11-08T07:00:00","guid":{"rendered":"https:\/\/swissmig.wordpress.com\/?p=34031"},"modified":"2021-11-08T08:00:00","modified_gmt":"2021-11-08T07:00:00","slug":"lenfant-issu-de-la-migration-et-sa-famille-dans-les-procedures-de-protection-de-lenfant-et-de-ladulte-en-suisse","status":"publish","type":"post","link":"https:\/\/swissmig.unine.ch\/?p=34031","title":{"rendered":"L\u2019enfant issu de la migration et sa famille dans les proc\u00e9dures de protection de l\u2019enfant et de l\u2019adulte en Suisse"},"content":{"rendered":"<h3>Author(s) : Aude Saugy<\/h3>\n<h3>Source : <a href=\"https:\/\/archive-ouverte.unige.ch\/unige:156916\" target=\"_blank\" rel=\"noopener\">https:\/\/archive-ouverte.unige.ch\/unige:156916<\/a><\/h3>\n<p><!--more--><\/p>\n<blockquote>\n<div class=\"hlFld-Abstract\">\n<div class=\"abstractSection abstractInFull\">&#8220;L\u2019appartenance ethnoculturelle des familles est un \u00e9l\u00e9ment-cl\u00e9 dans la conception de l\u2019\u00e9ducation et du bien de l\u2019enfant. Cependant, peu d\u2019informations sont disponibles sur la mani\u00e8re dont les autorit\u00e9s helv\u00e9tiques de protection de l\u2019enfant et de l\u2019adulte (APEA) prennent en compte cette appartenance. De ce fait, afin de combler cette lacune, ce travail de m\u00e9moire cherche \u00e0 comprendre comment l\u2019appartenance \u00ab socio-ethno-culturelle \u00bb est abord\u00e9e dans les proc\u00e9dures men\u00e9es par les APEA suisses impliquant des enfants et\/ou des familles issus de la migration. Afin de r\u00e9pondre \u00e0 ce questionnement, huit observations d\u2019audiences dans des APEA impliquant quinze parents et un enfant ont \u00e9t\u00e9 r\u00e9alis\u00e9es puis analys\u00e9es au moyen d\u2019une approche dite inductive. Cette analyse de contenu a permis l\u2019\u00e9laboration de cinq cat\u00e9gories (caract\u00e9ristiques personnelles, caract\u00e9ristiques sociales, appartenance culturelle, bien de l\u2019enfant et capacit\u00e9s communicationnelles) qui permettent de saisir certains \u00e9l\u00e9ments pouvant affecter la participation des familles issues de la migration. Ces r\u00e9sultats attestent \u00e9galement que les membres de l\u2019APEA ont une d\u00e9marche universalisante et neutre d\u2019un point de vue culturel. Enfin, cette recherche \u00e9tablit que les familles se d\u00e9crivent et sont d\u00e9crites principalement par des aspects de l\u2019ordre de la personnalit\u00e9 et de l\u2019\u00e9tat psychologique mettant au second plan les \u00e9l\u00e9ments reposant sur l\u2019appartenance ethnoculturelle.&#8221;<\/div>\n<div>\u00a0<\/div>\n<div><strong>Mots-cl\u00e9s<\/strong> : <span id=\"page8R_mcid14\" class=\"markedContent\"><span dir=\"ltr\" role=\"presentation\">p<\/span><span dir=\"ltr\" role=\"presentation\">articipation, <\/span><span dir=\"ltr\" role=\"presentation\">ethnicit\u00e9<\/span><span dir=\"ltr\" role=\"presentation\">, <\/span><span dir=\"ltr\" role=\"presentation\">autorit\u00e9 de <\/span><span dir=\"ltr\" role=\"presentation\">protection de l\u2019enfan<\/span><span dir=\"ltr\" role=\"presentation\">t et de l\u2019adulte<\/span><span dir=\"ltr\" role=\"presentation\">, <\/span><span dir=\"ltr\" role=\"presentation\">appartenance <\/span><span dir=\"ltr\" role=\"presentation\">culturelle, famille<\/span><span dir=\"ltr\" role=\"presentation\">s<\/span><span dir=\"ltr\" role=\"presentation\">, migration<\/span><\/span><\/div>\n<\/div>\n<\/blockquote>\n\n\n<p><\/p>\n","protected":false},"excerpt":{"rendered":"<p>Author(s) : Aude Saugy Source : https:\/\/archive-ouverte.unige.ch\/unige:156916<\/p>\n","protected":false},"author":4,"featured_media":0,"comment_status":"open","ping_status":"open","sticky":false,"template":"","format":"standard","meta":{"_kadence_starter_templates_imported_post":false,"_kad_post_transparent":"","_kad_post_title":"","_kad_post_layout":"","_kad_post_sidebar_id":"","_kad_post_content_style":"","_kad_post_vertical_padding":"","_kad_post_feature":"","_kad_post_feature_position":"","_kad_post_header":false,"_kad_post_footer":false,"_kad_post_classname":"","jetpack_post_was_ever_published":false,"_jetpack_newsletter_access":"","_jetpack_dont_email_post_to_subs":false,"_jetpack_newsletter_tier_id":0,"_jetpack_memberships_contains_paywalled_content":false,"_jetpack_memberships_contains_paid_content":false,"footnotes":""},"categories":[53],"tags":[654,281,318,307,173,232,259,21,52,280,319,325,66,641],"class_list":["post-34031","post","type-post","status-publish","format-standard","hentry","category-law","tag-654","tag-belonging","tag-children","tag-civil-and-political-rights","tag-cross-cultural-communication","tag-education","tag-ethnicity","tag-family","tag-french-language","tag-immigration-background","tag-master-thesis","tag-methodology","tag-migration","tag-social-protection"],"jetpack_featured_media_url":"","jetpack_sharing_enabled":true,"_links":{"self":[{"href":"https:\/\/swissmig.unine.ch\/index.php?rest_route=\/wp\/v2\/posts\/34031","targetHints":{"allow":["GET"]}}],"collection":[{"href":"https:\/\/swissmig.unine.ch\/index.php?rest_route=\/wp\/v2\/posts"}],"about":[{"href":"https:\/\/swissmig.unine.ch\/index.php?rest_route=\/wp\/v2\/types\/post"}],"author":[{"embeddable":true,"href":"https:\/\/swissmig.unine.ch\/index.php?rest_route=\/wp\/v2\/users\/4"}],"replies":[{"embeddable":true,"href":"https:\/\/swissmig.unine.ch\/index.php?rest_route=%2Fwp%2Fv2%2Fcomments&post=34031"}],"version-history":[{"count":0,"href":"https:\/\/swissmig.unine.ch\/index.php?rest_route=\/wp\/v2\/posts\/34031\/revisions"}],"wp:attachment":[{"href":"https:\/\/swissmig.unine.ch\/index.php?rest_route=%2Fwp%2Fv2%2Fmedia&parent=34031"}],"wp:term":[{"taxonomy":"category","embeddable":true,"href":"https:\/\/swissmig.unine.ch\/index.php?rest_route=%2Fwp%2Fv2%2Fcategories&post=34031"},{"taxonomy":"post_tag","embeddable":true,"href":"https:\/\/swissmig.unine.ch\/index.php?rest_route=%2Fwp%2Fv2%2Ftags&post=34031"}],"curies":[{"name":"wp","href":"https:\/\/api.w.org\/{rel}","templated":true}]}}