{"id":34025,"date":"2021-11-08T08:00:00","date_gmt":"2021-11-08T07:00:00","guid":{"rendered":"https:\/\/swissmig.wordpress.com\/?p=34025"},"modified":"2021-11-08T08:00:00","modified_gmt":"2021-11-08T07:00:00","slug":"die-rolle-muslimischer-betreuungspersonen-und-islamischer-gemeinschaften-bei-der-pravention-islamistischer-radikalisierung-unter-besonderer-berucksichtigung-der-aus-und-weiterbildung-von-imamen-in-de","status":"publish","type":"post","link":"https:\/\/swissmig.unine.ch\/?p=34025","title":{"rendered":"Die Rolle muslimischer Betreuungspersonen und islamischer Gemeinschaften bei der Pr\u00e4vention islamistischer Radikalisierung unter besonderer Ber\u00fccksichtigung der Aus- und Weiterbildung von Imamen in der Schweiz"},"content":{"rendered":"<h3>Author(s) : Miryam Eser Davolio, Kushtrim Adili, Ayesha Rether, Nina Br\u00fcesch<\/h3>\n<h3>Source : <a href=\"https:\/\/digitalcollection.zhaw.ch\/handle\/11475\/23250\" target=\"_blank\" rel=\"noopener\">https:\/\/digitalcollection.zhaw.ch\/handle\/11475\/23250<\/a><\/h3>\n<p><!--more--><\/p>\n<blockquote>\n<div class=\"hlFld-Abstract\">\n<p>&#8220;Im Auftrag des Bundesamts f\u00fcr Justiz und des Staatssekretariats f\u00fcr Migration f\u00fchrte das Forschungsteam der ZHAW unter Leitung von Miryam Eser Davolio die vorliegende Studie durch. Ausgangspunkt stellt das Postulat Ingold 16.3314 \u00abGem\u00e4ssigte Imame sind Schl\u00fcsselpersonen gegen die Radikalisierung von jugendlichen Muslimen\u00bb dar.<\/p>\n<p>Im Zentrum der vorliegenden Studie steht der Aus- und Weiterbildungsbedarf von Imamen und muslimischen Betreuungspersonen (BP) zur Verbesserung des Zusammenlebens und zur Radikalisierungspr\u00e4vention. Die Studie gliedert sich in vier Teilprojekte zur Rolle der BP und islamischen Organisationen, zu den Hintergr\u00fcnden der Radikalisierung, zur Radikalisierung respektive Radikalisierungspr\u00e4vention im Umfeld von Moscheen und islamischen Organisationen sowie zur konkreten Ausgestaltung von Aus- und Weiterbildung von BP, damit sie einen Beitrag zur Verbesserung des Zusammenlebens und zur Radikalisierungspr\u00e4vention leisten k\u00f6nnen. Das methodische Vorgehen schliesst einerseits Desk Research und die Sekund\u00e4ranalyse bestehender Studien sowie L\u00e4nderstudien zu den Nachbarl\u00e4ndern der Schweiz und andererseits Expert*inneninterviews (N=30) und Interviews mit BP (N=25) mit inhaltsanalytischer Auswertung ein. Die Ergebnisse zeigen, dass die BP vielf\u00e4ltige anspruchsvolle Rollen mit beschr\u00e4nkten Ressourcen abdecken, und dass auf ihnen hohe Erwartungen der Mehrheitsgesellschaft bei gleichzeitig hohen Binnenerwartungen der muslimischen Gemeinschaft lasten. Ebenso zeigt sich, dass sie mit dem Ph\u00e4nomen Radikalisierung selten direkt in Ber\u00fchrung kommen und auch nicht \u00fcber eine Autorit\u00e4tsposition innerhalb ihrer Moscheevereine verf\u00fcgen. Gleichzeitig k\u00f6nnen BP f\u00fcr die Pr\u00e4vention und Fr\u00fcherkennung mit ihrer Fachlichkeit \u00fcber Information und Aufkl\u00e4rung gegen extremistische Inhalte oder Hinwendungsprozesse wirken.&#8221;<\/p>\n<p><strong>Schlagw\u00f6rter<\/strong>: Weiterbildung; Radikalisierung; Imam; Muslimische Betreuungsperson; Pr\u00e4vention<\/p>\n<\/div>\n<\/blockquote>\n\n\n<p><\/p>\n","protected":false},"excerpt":{"rendered":"<p>Author(s) : Miryam Eser Davolio, Kushtrim Adili, Ayesha Rether, Nina&#8230;<\/p>\n","protected":false},"author":4,"featured_media":0,"comment_status":"open","ping_status":"open","sticky":false,"template":"","format":"standard","meta":{"_kadence_starter_templates_imported_post":false,"_kad_post_transparent":"","_kad_post_title":"","_kad_post_layout":"","_kad_post_sidebar_id":"","_kad_post_content_style":"","_kad_post_vertical_padding":"","_kad_post_feature":"","_kad_post_feature_position":"","_kad_post_header":false,"_kad_post_footer":false,"_kad_post_classname":"","jetpack_post_was_ever_published":false,"_jetpack_newsletter_access":"","_jetpack_dont_email_post_to_subs":false,"_jetpack_newsletter_tier_id":0,"_jetpack_memberships_contains_paywalled_content":false,"_jetpack_memberships_contains_paid_content":false,"footnotes":""},"categories":[167],"tags":[693,73,223,276,295,444,168,249,91,340,679,309,118],"class_list":["post-34025","post","type-post","status-publish","format-standard","hentry","category-ethnicity-languages-religion-arts","tag-693","tag-german-language","tag-islam","tag-literature-review","tag-prevention","tag-religious-institutions","tag-religious-practice","tag-report","tag-social-integration","tag-social-support","tag-training-programmes","tag-working-paper","tag-youth"],"jetpack_featured_media_url":"","jetpack_sharing_enabled":true,"_links":{"self":[{"href":"https:\/\/swissmig.unine.ch\/index.php?rest_route=\/wp\/v2\/posts\/34025","targetHints":{"allow":["GET"]}}],"collection":[{"href":"https:\/\/swissmig.unine.ch\/index.php?rest_route=\/wp\/v2\/posts"}],"about":[{"href":"https:\/\/swissmig.unine.ch\/index.php?rest_route=\/wp\/v2\/types\/post"}],"author":[{"embeddable":true,"href":"https:\/\/swissmig.unine.ch\/index.php?rest_route=\/wp\/v2\/users\/4"}],"replies":[{"embeddable":true,"href":"https:\/\/swissmig.unine.ch\/index.php?rest_route=%2Fwp%2Fv2%2Fcomments&post=34025"}],"version-history":[{"count":0,"href":"https:\/\/swissmig.unine.ch\/index.php?rest_route=\/wp\/v2\/posts\/34025\/revisions"}],"wp:attachment":[{"href":"https:\/\/swissmig.unine.ch\/index.php?rest_route=%2Fwp%2Fv2%2Fmedia&parent=34025"}],"wp:term":[{"taxonomy":"category","embeddable":true,"href":"https:\/\/swissmig.unine.ch\/index.php?rest_route=%2Fwp%2Fv2%2Fcategories&post=34025"},{"taxonomy":"post_tag","embeddable":true,"href":"https:\/\/swissmig.unine.ch\/index.php?rest_route=%2Fwp%2Fv2%2Ftags&post=34025"}],"curies":[{"name":"wp","href":"https:\/\/api.w.org\/{rel}","templated":true}]}}