{"id":34018,"date":"2021-11-01T08:00:00","date_gmt":"2021-11-01T07:00:00","guid":{"rendered":"https:\/\/swissmig.wordpress.com\/?p=34018"},"modified":"2021-11-01T08:00:00","modified_gmt":"2021-11-01T07:00:00","slug":"ubersicht-zu-den-sozialversicherungsrechtlichen-anspruchen-von-fluchtlingen-staatenlosen-und-vorlaufig-aufgenommenen-flu-va","status":"publish","type":"post","link":"https:\/\/swissmig.unine.ch\/?p=34018","title":{"rendered":"\u00dcbersicht zu den sozialversicherungsrechtlichen Anspr\u00fcchen von Fl\u00fcchtlingen\/Staatenlosen und vorl\u00e4ufig Aufgenommenen (Fl\u00fc\/vA)"},"content":{"rendered":"<h3>Author(s) : Uwe Koch, Kushtrim Adili, Marcel Neininger, Claudia Bretscher<\/h3>\n<h3>Source : <a href=\"http:\/\/www.cil.ch\/dynasite.cfm?cmd=download_download_download_download&amp;id=231&amp;Filename=dlde100821162942.pdf&amp;dsmid=103236\" target=\"_blank\" rel=\"noopener\">http:\/\/www.cil.ch\/dynasite.cfm?cmd=download_download_download_download&amp;id=231&amp;Filename=dlde100821162942.pdf&amp;dsmid=103236<\/a><\/h3>\n<p><!--more--><\/p>\n<blockquote>\n<div class=\"hlFld-Abstract\">\n<div class=\"abstractSection abstractInFull\">N \/ A<\/div>\n<\/div>\n<\/blockquote>\n\n\n<p><\/p>\n","protected":false},"excerpt":{"rendered":"<p>Author(s) : Uwe Koch, Kushtrim Adili, Marcel Neininger, Claudia Bretscher&#8230;<\/p>\n","protected":false},"author":4,"featured_media":0,"comment_status":"open","ping_status":"open","sticky":false,"template":"","format":"standard","meta":{"_kadence_starter_templates_imported_post":false,"_kad_post_transparent":"","_kad_post_title":"","_kad_post_layout":"","_kad_post_sidebar_id":"","_kad_post_content_style":"","_kad_post_vertical_padding":"","_kad_post_feature":"","_kad_post_feature_position":"","_kad_post_header":false,"_kad_post_footer":false,"_kad_post_classname":"","jetpack_post_was_ever_published":false,"_jetpack_newsletter_access":"","_jetpack_dont_email_post_to_subs":false,"_jetpack_newsletter_tier_id":0,"_jetpack_memberships_contains_paywalled_content":false,"_jetpack_memberships_contains_paid_content":false,"footnotes":""},"categories":[53],"tags":[693,362,556,50,523,142,147,73,303,249,308,340,402,262,84,315],"class_list":["post-34018","post","type-post","status-publish","format-standard","hentry","category-law","tag-693","tag-access-to-employment","tag-access-to-health-care","tag-asylum-seekers","tag-disability","tag-elderly","tag-family-reunification","tag-german-language","tag-legal-aspects","tag-report","tag-social-security","tag-social-support","tag-temporary-admission","tag-undocumented-immigrants","tag-unemployment","tag-welfare-state"],"jetpack_featured_media_url":"","jetpack_sharing_enabled":true,"_links":{"self":[{"href":"https:\/\/swissmig.unine.ch\/index.php?rest_route=\/wp\/v2\/posts\/34018","targetHints":{"allow":["GET"]}}],"collection":[{"href":"https:\/\/swissmig.unine.ch\/index.php?rest_route=\/wp\/v2\/posts"}],"about":[{"href":"https:\/\/swissmig.unine.ch\/index.php?rest_route=\/wp\/v2\/types\/post"}],"author":[{"embeddable":true,"href":"https:\/\/swissmig.unine.ch\/index.php?rest_route=\/wp\/v2\/users\/4"}],"replies":[{"embeddable":true,"href":"https:\/\/swissmig.unine.ch\/index.php?rest_route=%2Fwp%2Fv2%2Fcomments&post=34018"}],"version-history":[{"count":0,"href":"https:\/\/swissmig.unine.ch\/index.php?rest_route=\/wp\/v2\/posts\/34018\/revisions"}],"wp:attachment":[{"href":"https:\/\/swissmig.unine.ch\/index.php?rest_route=%2Fwp%2Fv2%2Fmedia&parent=34018"}],"wp:term":[{"taxonomy":"category","embeddable":true,"href":"https:\/\/swissmig.unine.ch\/index.php?rest_route=%2Fwp%2Fv2%2Fcategories&post=34018"},{"taxonomy":"post_tag","embeddable":true,"href":"https:\/\/swissmig.unine.ch\/index.php?rest_route=%2Fwp%2Fv2%2Ftags&post=34018"}],"curies":[{"name":"wp","href":"https:\/\/api.w.org\/{rel}","templated":true}]}}