{"id":34003,"date":"2021-10-25T08:00:00","date_gmt":"2021-10-25T07:00:00","guid":{"rendered":"https:\/\/swissmig.wordpress.com\/?p=34003"},"modified":"2021-10-25T08:00:00","modified_gmt":"2021-10-25T07:00:00","slug":"regards-croises-sur-les-conditions-de-vie-en-foyer-des-personnes-requerantes-dasile-dans-le-canton-de-vaud-enquete-qualitative-au-sein-des-etablissements-vaudois-daccueil-des-migrants-evam","status":"publish","type":"post","link":"https:\/\/swissmig.unine.ch\/?p=34003","title":{"rendered":"Regards crois\u00e9s sur les conditions de vie en foyer des personnes requ\u00e9rantes d&#8217;asile dans le canton de Vaud : enqu\u00eate qualitative au sein des \u00c9tablissements Vaudois d&#8217;Accueil des Migrants (EVAM)"},"content":{"rendered":"<h3>Author(s) : Aur\u00e9lie Stoll, Claudia Campistol, Sophie Serrano<\/h3>\n<h3>Source : <a href=\"https:\/\/serval.unil.ch\/notice\/serval:BIB_B7760FE2F27F\" target=\"_blank\" rel=\"noopener\">https:\/\/serval.unil.ch\/notice\/serval:BIB_B7760FE2F27F<\/a><\/h3>\n<p><!--more--><\/p>\n<blockquote>\n<div class=\"hlFld-Abstract\">\n<div class=\"abstractSection abstractInFull\">&#8220;<span dir=\"ltr\" role=\"presentation\">Cette recherche a <\/span><span dir=\"ltr\" role=\"presentation\">\u00e9t\u00e9 e<\/span><span dir=\"ltr\" role=\"presentation\">ffectu\u00e9e durant l\u2019ann\u00e9e acad\u00e9mique 2018<\/span><span dir=\"ltr\" role=\"presentation\">&#8211;<\/span><span dir=\"ltr\" role=\"presentation\">2019 par les \u00e9tudiants du <\/span><span dir=\"ltr\" role=\"presentation\">cours <\/span><span dir=\"ltr\" role=\"presentation\">\u00ab<\/span> <span dir=\"ltr\" role=\"presentation\">Introduction aux m\u00e9thodes qualitatives<\/span> <span dir=\"ltr\" role=\"presentation\">\u00bb dans le cadre du Master en criminolog<\/span><span dir=\"ltr\" role=\"presentation\">ie et <\/span><span dir=\"ltr\" role=\"presentation\">s\u00e9cur<\/span><span dir=\"ltr\" role=\"presentation\">it\u00e9 de <\/span> <span dir=\"ltr\" role=\"presentation\">l\u2019\u00c9cole des <\/span><span dir=\"ltr\" role=\"presentation\">s<\/span><span dir=\"ltr\" role=\"presentation\">ciences <\/span> <span dir=\"ltr\" role=\"presentation\">c<\/span><span dir=\"ltr\" role=\"presentation\">riminelles<\/span> <span dir=\"ltr\" role=\"presentation\">(ESC) <\/span> <span dir=\"ltr\" role=\"presentation\">de <\/span> <span dir=\"ltr\" role=\"presentation\">l\u2019Universit\u00e9 <\/span><span dir=\"ltr\" role=\"presentation\">de Lausann<\/span><span dir=\"ltr\" role=\"presentation\">e<\/span><span dir=\"ltr\" role=\"presentation\">. <\/span> <span dir=\"ltr\" role=\"presentation\">Dans un <\/span><span dir=\"ltr\" role=\"presentation\">contexte empreint de changements l\u00e9gisla<\/span><span dir=\"ltr\" role=\"presentation\">tifs fr\u00e9quents, <\/span><span dir=\"ltr\" role=\"presentation\">elle <\/span><span dir=\"ltr\" role=\"presentation\">s\u2019int\u00e9resse aux conditions de <\/span><span dir=\"ltr\" role=\"presentation\">vie des personnes requ\u00e9rantes d\u2019asile r\u00e9sidant <\/span><span dir=\"ltr\" role=\"presentation\">dans les<\/span> <span dir=\"ltr\" role=\"presentation\">foyer<\/span><span dir=\"ltr\" role=\"presentation\">s<\/span> <span dir=\"ltr\" role=\"presentation\">des <\/span><span dir=\"ltr\" role=\"presentation\">\u00c9tablissements <\/span><span dir=\"ltr\" role=\"presentation\">v<\/span><span dir=\"ltr\" role=\"presentation\">audois <\/span><span dir=\"ltr\" role=\"presentation\">d&#8217;<\/span><span dir=\"ltr\" role=\"presentation\">a<\/span><span dir=\"ltr\" role=\"presentation\">ccueil des <\/span><span dir=\"ltr\" role=\"presentation\">m<\/span><span dir=\"ltr\" role=\"presentation\">igrants<\/span> <span dir=\"ltr\" role=\"presentation\">(<\/span><span dir=\"ltr\" role=\"presentation\">EVAM<\/span><span dir=\"ltr\" role=\"presentation\">)<\/span><span dir=\"ltr\" role=\"presentation\">. En particulier, elle vise \u00e0 saisir les impacts de la nouvelle loi <\/span><span dir=\"ltr\" role=\"presentation\">sur l\u2019asile (LA<\/span><span dir=\"ltr\" role=\"presentation\">s<\/span><span dir=\"ltr\" role=\"presentation\">i) entr\u00e9e en vigueur en mars 2019<\/span><span dir=\"ltr\" role=\"presentation\">,<\/span> <span dir=\"ltr\" role=\"presentation\">en explorant le <\/span><span dir=\"ltr\" role=\"presentation\">quotidien des b\u00e9n\u00e9ficiaires <\/span><span dir=\"ltr\" role=\"presentation\">de l\u2019EVAM ainsi que les pratiques et les repr\u00e9sentations<\/span> <span dir=\"ltr\" role=\"presentation\">de ses collaborateurs. <\/span><span dir=\"ltr\" role=\"presentation\">Ces questions <\/span><span dir=\"ltr\" role=\"presentation\">sont investigu\u00e9es par le biais d\u2019une m\u00e9thodologie qualitative qui mobilise <\/span><span dir=\"ltr\" role=\"presentation\">trois <\/span> <span dir=\"ltr\" role=\"presentation\">outils de <\/span><span dir=\"ltr\" role=\"presentation\">recherche<\/span> <span dir=\"ltr\" role=\"presentation\">:<\/span> <span dir=\"ltr\" role=\"presentation\">l\u2019observation<\/span><span dir=\"ltr\" role=\"presentation\">,<\/span> <span dir=\"ltr\" role=\"presentation\">l\u2019entretien semi<\/span><span dir=\"ltr\" role=\"presentation\">&#8211;<\/span><span dir=\"ltr\" role=\"presentation\">structur\u00e9<\/span> <span dir=\"ltr\" role=\"presentation\">et le focus groupe<\/span><span dir=\"ltr\" role=\"presentation\">.<\/span> <span dir=\"ltr\" role=\"presentation\">Cinq dimensions <\/span><span dir=\"ltr\" role=\"presentation\">analytiques <\/span><span dir=\"ltr\" role=\"presentation\">sont identifi\u00e9es et discu<\/span><span dir=\"ltr\" role=\"presentation\">t\u00e9es<\/span> <span dir=\"ltr\" role=\"presentation\">: les foyers en termes de structure<\/span> <span dir=\"ltr\" role=\"presentation\">et d\u2019organisation<\/span><span dir=\"ltr\" role=\"presentation\">, <\/span><span dir=\"ltr\" role=\"presentation\">le besoin d\u2019information des b\u00e9n\u00e9ficiaires de l\u2019EVAM, les impacts proc\u00e9duraux et l\u00e9gaux, le <\/span><span dir=\"ltr\" role=\"presentation\">travail et les comp\u00e9t<\/span><span dir=\"ltr\" role=\"presentation\">ences des personnes requ\u00e9rantes d\u2019asile, les relations et la <\/span><span dir=\"ltr\" role=\"presentation\">communication<\/span> <span dir=\"ltr\" role=\"presentation\">au<\/span> <span dir=\"ltr\" role=\"presentation\">sein<\/span> <span dir=\"ltr\" role=\"presentation\">e<\/span><span dir=\"ltr\" role=\"presentation\">t<\/span> <span dir=\"ltr\" role=\"presentation\">\u00e0<\/span> <span dir=\"ltr\" role=\"presentation\">l\u2019ext\u00e9rieur<\/span> <span dir=\"ltr\" role=\"presentation\">des<\/span> <span dir=\"ltr\" role=\"presentation\">foyers.<\/span>&#8220;<\/div>\n<\/div>\n<\/blockquote>\n\n\n<p><\/p>\n","protected":false},"excerpt":{"rendered":"<p>Author(s) : Aur\u00e9lie Stoll, Claudia Campistol, Sophie Serrano Source :&#8230;<\/p>\n","protected":false},"author":4,"featured_media":0,"comment_status":"open","ping_status":"open","sticky":false,"template":"","format":"standard","meta":{"_kadence_starter_templates_imported_post":false,"_kad_post_transparent":"","_kad_post_title":"","_kad_post_layout":"","_kad_post_sidebar_id":"","_kad_post_content_style":"","_kad_post_vertical_padding":"","_kad_post_feature":"","_kad_post_feature_position":"","_kad_post_header":false,"_kad_post_footer":false,"_kad_post_classname":"","jetpack_post_was_ever_published":false,"_jetpack_newsletter_access":"","_jetpack_dont_email_post_to_subs":false,"_jetpack_newsletter_tier_id":0,"_jetpack_memberships_contains_paywalled_content":false,"_jetpack_memberships_contains_paid_content":false,"footnotes":""},"categories":[24],"tags":[582,111,49,50,37,173,52,563,303,104,373,617,249,621,370],"class_list":["post-34003","post","type-post","status-publish","format-standard","hentry","category-society-family-racism","tag-582","tag-asylum-applications","tag-asylum-policy","tag-asylum-seekers","tag-attitudes-towards-migrants","tag-cross-cultural-communication","tag-french-language","tag-immigration-law","tag-legal-aspects","tag-living-conditions","tag-qualitative-research","tag-refugee-centres","tag-report","tag-street-level-bureaucracy","tag-vaud"],"jetpack_featured_media_url":"","jetpack_sharing_enabled":true,"_links":{"self":[{"href":"https:\/\/swissmig.unine.ch\/index.php?rest_route=\/wp\/v2\/posts\/34003","targetHints":{"allow":["GET"]}}],"collection":[{"href":"https:\/\/swissmig.unine.ch\/index.php?rest_route=\/wp\/v2\/posts"}],"about":[{"href":"https:\/\/swissmig.unine.ch\/index.php?rest_route=\/wp\/v2\/types\/post"}],"author":[{"embeddable":true,"href":"https:\/\/swissmig.unine.ch\/index.php?rest_route=\/wp\/v2\/users\/4"}],"replies":[{"embeddable":true,"href":"https:\/\/swissmig.unine.ch\/index.php?rest_route=%2Fwp%2Fv2%2Fcomments&post=34003"}],"version-history":[{"count":0,"href":"https:\/\/swissmig.unine.ch\/index.php?rest_route=\/wp\/v2\/posts\/34003\/revisions"}],"wp:attachment":[{"href":"https:\/\/swissmig.unine.ch\/index.php?rest_route=%2Fwp%2Fv2%2Fmedia&parent=34003"}],"wp:term":[{"taxonomy":"category","embeddable":true,"href":"https:\/\/swissmig.unine.ch\/index.php?rest_route=%2Fwp%2Fv2%2Fcategories&post=34003"},{"taxonomy":"post_tag","embeddable":true,"href":"https:\/\/swissmig.unine.ch\/index.php?rest_route=%2Fwp%2Fv2%2Ftags&post=34003"}],"curies":[{"name":"wp","href":"https:\/\/api.w.org\/{rel}","templated":true}]}}