{"id":33990,"date":"2021-10-25T08:00:00","date_gmt":"2021-10-25T07:00:00","guid":{"rendered":"https:\/\/swissmig.wordpress.com\/?p=33990"},"modified":"2021-10-25T08:00:00","modified_gmt":"2021-10-25T07:00:00","slug":"depression-perinatale-chez-les-femmes-migrantes-le-role-du-statut-legal-sur-les-difficultes-eprouvees","status":"publish","type":"post","link":"https:\/\/swissmig.unine.ch\/?p=33990","title":{"rendered":"D\u00e9pression p\u00e9rinatale chez les femmes migrantes: le r\u00f4le du statut l\u00e9gal sur les difficult\u00e9s \u00e9prouv\u00e9es"},"content":{"rendered":"<h3>Author(s) : Anna Sharapova, Brenna Torche, Manuella Epiney, Betty Goguikian<\/h3>\n<h3>Source : <a href=\"https:\/\/archive-ouverte.unige.ch\/unige:151642\" target=\"_blank\" rel=\"noopener\">https:\/\/archive-ouverte.unige.ch\/unige:151642<\/a><\/h3>\n<p><!--more--><\/p>\n<blockquote>\n<div class=\"hlFld-Abstract\">\n<div class=\"abstractSection abstractInFull\">&#8220;La maternit\u00e9 constitue une transition majeure dans la vie d\u2019une femme. Lorsque cet \u00e9v\u00e9nement se d\u00e9roule dans un environnement s\u00e9curisant, la m\u00e8re peut s\u2019\u00e9panouir dans son nouveau r\u00f4le de m\u00e8re. En revanche, lorsque la femme est confront\u00e9e \u00e0 des difficult\u00e9s sociales, \u00e9conomiques, familiales pendant la p\u00e9riode p\u00e9rinatale, l\u2019arriv\u00e9e d\u2019un enfant peut donner lieu \u00e0 une d\u00e9tresse psychologique, voire \u00e0 une d\u00e9pression. La pr\u00e9sente \u00e9tude vise \u00e0: 1) comparer les taux de d\u00e9pression pr\u00e9-et postnatale entre des femmes migrantes, pr\u00e9caires et non pr\u00e9caires, et des femmes suisses ; 2) recueillir le v\u00e9cu subjectif des femmes pr\u00e9sentant des sympt\u00f4mes d\u00e9pressifs p\u00e9rinataux ; 3) interroger les femmes migrantes sur la mise en place des pratiques de maternage tenant compte du double r\u00e9f\u00e9rentiel culturel. Les r\u00e9sultats montrent que les femmes migrantes pr\u00e9caires sur le plan juridique \u00e9taient plus \u00e0 risque de d\u00e9pression p\u00e9rinatale que les migrantes non pr\u00e9caires et les suissesses. Elles ont d\u00e9crit leur maternit\u00e9 comme venant se greffer sur une situation instable g\u00e9n\u00e9rant des inqui\u00e9tudes sur l\u2019avenir. Les difficult\u00e9s psychologiques \u00e9prouv\u00e9es semblent davantage en lien avec un cumul de difficult\u00e9s psychosociales pr\u00e9alables, qu\u2019avec le d\u00e9sajustement culturel. Elles n\u2019entravent pas les capacit\u00e9s de mise en place de pratiques de maternage m\u00e9tiss\u00e9es.&#8221;<\/div>\n<div>\u00a0<\/div>\n<div><strong>Keywords<\/strong>: D\u00e9pression p\u00e9rinatale \u2014 Statut l\u00e9gal \u2014 Migration \u2014 Pratiques de maternage<\/div>\n<\/div>\n<\/blockquote>\n\n\n<p><\/p>\n","protected":false},"excerpt":{"rendered":"<p>Author(s) : Anna Sharapova, Brenna Torche, Manuella Epiney, Betty Goguikian&#8230;<\/p>\n","protected":false},"author":4,"featured_media":0,"comment_status":"open","ping_status":"open","sticky":false,"template":"","format":"standard","meta":{"_kadence_starter_templates_imported_post":false,"_kad_post_transparent":"","_kad_post_title":"","_kad_post_layout":"","_kad_post_sidebar_id":"","_kad_post_content_style":"","_kad_post_vertical_padding":"","_kad_post_feature":"","_kad_post_feature_position":"","_kad_post_header":false,"_kad_post_footer":false,"_kad_post_classname":"","jetpack_post_was_ever_published":false,"_jetpack_newsletter_access":"","_jetpack_dont_email_post_to_subs":false,"_jetpack_newsletter_tier_id":0,"_jetpack_memberships_contains_paywalled_content":false,"_jetpack_memberships_contains_paid_content":false,"footnotes":""},"categories":[59],"tags":[693,7,57,505,52,192,157,185,122,356,435,102,177,91,279,201],"class_list":["post-33990","post","type-post","status-publish","format-standard","hentry","category-health","tag-693","tag-article","tag-comparative-analysis","tag-destination-decision","tag-french-language","tag-health-behavior","tag-health-care","tag-mental-health","tag-migrants","tag-migratory-status","tag-motherhood","tag-poverty","tag-psychological-well-being","tag-social-integration","tag-socioeconomic-factors","tag-women"],"jetpack_featured_media_url":"","jetpack_sharing_enabled":true,"_links":{"self":[{"href":"https:\/\/swissmig.unine.ch\/index.php?rest_route=\/wp\/v2\/posts\/33990","targetHints":{"allow":["GET"]}}],"collection":[{"href":"https:\/\/swissmig.unine.ch\/index.php?rest_route=\/wp\/v2\/posts"}],"about":[{"href":"https:\/\/swissmig.unine.ch\/index.php?rest_route=\/wp\/v2\/types\/post"}],"author":[{"embeddable":true,"href":"https:\/\/swissmig.unine.ch\/index.php?rest_route=\/wp\/v2\/users\/4"}],"replies":[{"embeddable":true,"href":"https:\/\/swissmig.unine.ch\/index.php?rest_route=%2Fwp%2Fv2%2Fcomments&post=33990"}],"version-history":[{"count":0,"href":"https:\/\/swissmig.unine.ch\/index.php?rest_route=\/wp\/v2\/posts\/33990\/revisions"}],"wp:attachment":[{"href":"https:\/\/swissmig.unine.ch\/index.php?rest_route=%2Fwp%2Fv2%2Fmedia&parent=33990"}],"wp:term":[{"taxonomy":"category","embeddable":true,"href":"https:\/\/swissmig.unine.ch\/index.php?rest_route=%2Fwp%2Fv2%2Fcategories&post=33990"},{"taxonomy":"post_tag","embeddable":true,"href":"https:\/\/swissmig.unine.ch\/index.php?rest_route=%2Fwp%2Fv2%2Ftags&post=33990"}],"curies":[{"name":"wp","href":"https:\/\/api.w.org\/{rel}","templated":true}]}}