{"id":33980,"date":"2021-10-18T08:00:00","date_gmt":"2021-10-18T07:00:00","guid":{"rendered":"https:\/\/swissmig.wordpress.com\/?p=33980"},"modified":"2021-10-18T08:00:00","modified_gmt":"2021-10-18T07:00:00","slug":"nichtbezug-von-sozialhilfe-in-der-migrationsbevolkerung","status":"publish","type":"post","link":"https:\/\/swissmig.unine.ch\/?p=33980","title":{"rendered":"Nichtbezug von Sozialhilfe in der Migrationsbev\u00f6lkerung"},"content":{"rendered":"<h3>Author(s) : Gisela Meier, Eva Mey<\/h3>\n<h3>Source : <a href=\"https:\/\/doi.org\/10.21256\/zhaw-2651\" target=\"_blank\" rel=\"noopener\">https:\/\/doi.org\/10.21256\/zhaw-2651<\/a><\/h3>\n<p><!--more--><\/p>\n<blockquote>\n<div class=\"hlFld-Abstract\">\n<div class=\"abstractSection abstractInFull\">&#8220;<span class=\"markedContent\"><span class=\"markedContent\"><span dir=\"ltr\" role=\"presentation\"><span id=\"page31R_mcid7\" class=\"markedContent\"><span id=\"page5R_mcid1\" class=\"markedContent\">Die Covid-19-Pandemie hat individuelle Notlagen nicht nur versch\u00e4rft, sondern auch ins Scheinwer-<br role=\"presentation\" \/>ferlicht ger\u00fcckt, wo unsere soziale Sicherung schlecht greift und an ihre Grenzen st\u00f6sst. Dies gilt ins-<br role=\"presentation\" \/>besondere f\u00fcr den Nichtbezug von Sozialhilfe &#8211; ein Ph\u00e4nomen, das in der Sozialen Arbeit schon l\u00e4nger <br role=\"presentation\" \/>mit Sorge beobachtet wird (H\u00fcmbelin, 2019; Lucas, 2020, 2020a; Neuenschwander, H\u00fcmbelin, <br role=\"presentation\" \/>Kalbermatter &amp; Ruder, 2012; Tabin &amp; Leresche, 2019; Warin, 2018). Zunehmend betroffen sind dabei <br role=\"presentation\" \/>insbesondere Ausl\u00e4nder*innen mit Aufenthaltsbewilligung B oder C, die trotz prek\u00e4ren Lebenslagen <br role=\"presentation\" \/>unterhalb des sozialhilferechtlichen Existenzminimums die ihnen zustehende materielle Hilfe be-<br role=\"presentation\" \/>wusst nicht beantragen: Die Problematik hat sich seit der Einf\u00fchrung des neuen Ausl\u00e4nder- und In-<br role=\"presentation\" \/>tegrationsgesetzes AIG (Bundesgesetz \u00fcber die Ausl\u00e4nderinnen und Ausl\u00e4nder und \u00fcber die Integra-<br role=\"presentation\" \/>tion vom 16. Dezember 2005, Stand 1. Juli 2021, SR 142.20) anfangs 2019 versch\u00e4rft, da dieses unter <br role=\"presentation\" \/>anderem die Aufenthaltsrechte in der Schweiz noch konsequenter an das Kriterium des Nichtbezugs <br role=\"presentation\" \/>von Sozialhilfe kn\u00fcpft. Zudem erfordert die pandemiebedingte Wirtschaftslage, die immer mehr <br role=\"presentation\" \/>Menschen existenziell bedroht, gerade auch mit Blick auf diese Problematik des Nichtbezugs von So-<br role=\"presentation\" \/>zialhilfe dringende Massnahmen (G\u00f6tz\u00f6 et al., 2021). Erste Antworten erfolgen in der Stadt Z\u00fcrich <br role=\"presentation\" \/>bspw. durch die geplante Einf\u00fchrung einer wirtschaftlichen Basishilfe (Sozialdepartement der Stadt <br role=\"presentation\" \/>Z\u00fcrich, 2021).<\/span><\/span><\/span><\/span><\/span><span id=\"page290R_mcid5985\" class=\"markedContent\"><span id=\"page33R_mcid0\" class=\"markedContent\"><\/span><\/span>&#8220;<\/div>\n<div>\u00a0<\/div>\n<div><strong>Schlagw\u00f6rter<\/strong>: Sozialhilfe; Nichtbezug; Armut; Migrationsbev\u00f6lkerung; Prekarit\u00e4t; Covid-19<\/div>\n<\/div>\n<\/blockquote>\n\n\n<p><\/p>\n","protected":false},"excerpt":{"rendered":"<p>Author(s) : Gisela Meier, Eva Mey Source : https:\/\/doi.org\/10.21256\/zhaw-2651<\/p>\n","protected":false},"author":4,"featured_media":0,"comment_status":"open","ping_status":"open","sticky":false,"template":"","format":"standard","meta":{"_kadence_starter_templates_imported_post":false,"_kad_post_transparent":"","_kad_post_title":"","_kad_post_layout":"","_kad_post_sidebar_id":"","_kad_post_content_style":"","_kad_post_vertical_padding":"","_kad_post_feature":"","_kad_post_feature_position":"","_kad_post_header":false,"_kad_post_footer":false,"_kad_post_classname":"","jetpack_post_was_ever_published":false,"_jetpack_newsletter_access":"","_jetpack_dont_email_post_to_subs":false,"_jetpack_newsletter_tier_id":0,"_jetpack_memberships_contains_paywalled_content":false,"_jetpack_memberships_contains_paid_content":false,"footnotes":""},"categories":[24],"tags":[693,696,79,73,563,104,122,102,249,340,312,402,144,309,246],"class_list":["post-33980","post","type-post","status-publish","format-standard","hentry","category-society-family-racism","tag-693","tag-covid-19","tag-equal-opportunities","tag-german-language","tag-immigration-law","tag-living-conditions","tag-migrants","tag-poverty","tag-report","tag-social-support","tag-social-work","tag-temporary-admission","tag-vulnerability","tag-working-paper","tag-zurich"],"jetpack_featured_media_url":"","jetpack_sharing_enabled":true,"_links":{"self":[{"href":"https:\/\/swissmig.unine.ch\/index.php?rest_route=\/wp\/v2\/posts\/33980","targetHints":{"allow":["GET"]}}],"collection":[{"href":"https:\/\/swissmig.unine.ch\/index.php?rest_route=\/wp\/v2\/posts"}],"about":[{"href":"https:\/\/swissmig.unine.ch\/index.php?rest_route=\/wp\/v2\/types\/post"}],"author":[{"embeddable":true,"href":"https:\/\/swissmig.unine.ch\/index.php?rest_route=\/wp\/v2\/users\/4"}],"replies":[{"embeddable":true,"href":"https:\/\/swissmig.unine.ch\/index.php?rest_route=%2Fwp%2Fv2%2Fcomments&post=33980"}],"version-history":[{"count":0,"href":"https:\/\/swissmig.unine.ch\/index.php?rest_route=\/wp\/v2\/posts\/33980\/revisions"}],"wp:attachment":[{"href":"https:\/\/swissmig.unine.ch\/index.php?rest_route=%2Fwp%2Fv2%2Fmedia&parent=33980"}],"wp:term":[{"taxonomy":"category","embeddable":true,"href":"https:\/\/swissmig.unine.ch\/index.php?rest_route=%2Fwp%2Fv2%2Fcategories&post=33980"},{"taxonomy":"post_tag","embeddable":true,"href":"https:\/\/swissmig.unine.ch\/index.php?rest_route=%2Fwp%2Fv2%2Ftags&post=33980"}],"curies":[{"name":"wp","href":"https:\/\/api.w.org\/{rel}","templated":true}]}}