{"id":33966,"date":"2021-10-11T08:00:00","date_gmt":"2021-10-11T07:00:00","guid":{"rendered":"https:\/\/swissmig.wordpress.com\/?p=33966"},"modified":"2021-10-11T08:00:00","modified_gmt":"2021-10-11T07:00:00","slug":"antisemitismus-unter-jugendlichen-in-deutschland-und-der-schweiz-welche-rolle-spielt-die-religionszugehorigkeit","status":"publish","type":"post","link":"https:\/\/swissmig.unine.ch\/?p=33966","title":{"rendered":"Antisemitismus unter Jugendlichen in Deutschland und der Schweiz. Welche Rolle spielt die Religionszugeh\u00f6rigkeit?"},"content":{"rendered":"<h3>Author(s) : Dirk Baier, Yvonne Krieg, S\u00f6ren Kliem<\/h3>\n<h3>Source : <a href=\"https:\/\/doi.org\/10.18716\/ojs\/krimoj\/2021.3.4\" target=\"_blank\" rel=\"noopener\">https:\/\/doi.org\/10.18716\/ojs\/krimoj\/2021.3.4 <\/a><\/h3>\n<p><!--more--><\/p>\n<blockquote>\n<div class=\"hlFld-Abstract\">\n<div>&#8220;Der Beitrag untersucht vor dem Hintergrund der erneuten Eskalation des israelisch-pal\u00e4stinensischen Konfliktes Ausma\u00df und Einflussfaktoren antisemitischer Einstellungen unter christlichen und muslimischen Jugendlichen. Hierf\u00fcr wird auf umfassende Jugendbefragungen in der Schweiz und in Niedersachsen zur\u00fcckgriffen, in denen u. a. 776 bzw. 1 367 Muslim*innen erreicht wurden. Die Ergebnisse belegen erstens, dass Muslim*innen in beiden L\u00e4ndern signifikant h\u00f6here Zustimmungsraten zu antisemitischen Einstellungen aufweisen, wobei sich verschiedene ethnische Gruppen von Muslim*innen diesbez\u00fcglich nicht unterscheiden. Zweitens findet sich nur f\u00fcr Muslim*innen ein antisemitische Einstellungen verst\u00e4rkender Einfluss der Religiosit\u00e4t. Drittens l\u00e4sst sich die h\u00f6here Zustimmung zu antisemitischen Einstellungen bei Muslim*innen teilweise durch das geringere Bildungsniveau sowie eine h\u00f6here Akzeptanz von M\u00e4nnlichkeitsnormen erkl\u00e4ren.&#8221;<\/div>\n<div>\u00a0<\/div>\n<div><span class=\"label\"><strong>Schlagworte<\/strong>: <\/span> <span class=\"value\"> Antisemitismus, Befragung, Bildung, Christentum, Islam, M\u00e4nnlichkeitsnormen, Religiosit\u00e4t <\/span><\/div>\n<\/div>\n<\/blockquote>\n\n\n<p><\/p>\n","protected":false},"excerpt":{"rendered":"<p>Author(s) : Dirk Baier, Yvonne Krieg, S\u00f6ren Kliem Source :&#8230;<\/p>\n","protected":false},"author":4,"featured_media":0,"comment_status":"open","ping_status":"open","sticky":false,"template":"","format":"standard","meta":{"_kadence_starter_templates_imported_post":false,"_kad_post_transparent":"","_kad_post_title":"","_kad_post_layout":"","_kad_post_sidebar_id":"","_kad_post_content_style":"","_kad_post_vertical_padding":"","_kad_post_feature":"","_kad_post_feature_position":"","_kad_post_header":false,"_kad_post_footer":false,"_kad_post_classname":"","jetpack_post_was_ever_published":false,"_jetpack_newsletter_access":"","_jetpack_dont_email_post_to_subs":false,"_jetpack_newsletter_tier_id":0,"_jetpack_memberships_contains_paywalled_content":false,"_jetpack_memberships_contains_paid_content":false,"footnotes":""},"categories":[167],"tags":[693,365,7,235,281,715,57,337,121,259,148,73,226,223,116,168,118],"class_list":["post-33966","post","type-post","status-publish","format-standard","hentry","category-ethnicity-languages-religion-arts","tag-693","tag-anti-semitism","tag-article","tag-attitude","tag-belonging","tag-christianity","tag-comparative-analysis","tag-educational-achievement","tag-ethnic-minorities","tag-ethnicity","tag-gender","tag-german-language","tag-germany","tag-islam","tag-muslims","tag-religious-practice","tag-youth"],"jetpack_featured_media_url":"","jetpack_sharing_enabled":true,"_links":{"self":[{"href":"https:\/\/swissmig.unine.ch\/index.php?rest_route=\/wp\/v2\/posts\/33966","targetHints":{"allow":["GET"]}}],"collection":[{"href":"https:\/\/swissmig.unine.ch\/index.php?rest_route=\/wp\/v2\/posts"}],"about":[{"href":"https:\/\/swissmig.unine.ch\/index.php?rest_route=\/wp\/v2\/types\/post"}],"author":[{"embeddable":true,"href":"https:\/\/swissmig.unine.ch\/index.php?rest_route=\/wp\/v2\/users\/4"}],"replies":[{"embeddable":true,"href":"https:\/\/swissmig.unine.ch\/index.php?rest_route=%2Fwp%2Fv2%2Fcomments&post=33966"}],"version-history":[{"count":0,"href":"https:\/\/swissmig.unine.ch\/index.php?rest_route=\/wp\/v2\/posts\/33966\/revisions"}],"wp:attachment":[{"href":"https:\/\/swissmig.unine.ch\/index.php?rest_route=%2Fwp%2Fv2%2Fmedia&parent=33966"}],"wp:term":[{"taxonomy":"category","embeddable":true,"href":"https:\/\/swissmig.unine.ch\/index.php?rest_route=%2Fwp%2Fv2%2Fcategories&post=33966"},{"taxonomy":"post_tag","embeddable":true,"href":"https:\/\/swissmig.unine.ch\/index.php?rest_route=%2Fwp%2Fv2%2Ftags&post=33966"}],"curies":[{"name":"wp","href":"https:\/\/api.w.org\/{rel}","templated":true}]}}