{"id":3394,"date":"2019-12-30T09:00:36","date_gmt":"2019-12-30T08:00:36","guid":{"rendered":"https:\/\/swissmig.wordpress.com\/?p=3394"},"modified":"2019-12-30T09:00:36","modified_gmt":"2019-12-30T08:00:36","slug":"sentiments-dappartenance-et-dexclusion-dans-les-quartiers-lausannois-de-la-borde-bellevaux-et-prelaz","status":"publish","type":"post","link":"https:\/\/swissmig.unine.ch\/?p=3394","title":{"rendered":"Sentiments d&#8217;appartenance et d&#8217;exclusion dans les quartiers lausannois de la Borde, Bellevaux et Pr\u00e9laz"},"content":{"rendered":"<h3>Author(s) : Ang\u00e8le F. Mendy, Denise Efionayi-M\u00e4der, Dina Bader, Jo\u00eblle Fehlmann<\/h3>\n<h3>Source : <a href=\"https:\/\/www.unine.ch\/files\/live\/sites\/sfm\/files\/nouvelles%20publications\/BLI%20Cahier%20du%20BLI%209%20PROD%20web.pdf\" target=\"_blank\" rel=\"noopener\">https:\/\/www.unine.ch\/files\/live\/sites\/sfm\/files\/nouvelles%20publications\/BLI%20Cahier%20du%20BLI%209%20PROD%20web.pdf<\/a><\/h3>\n<p><strong>Abstract: <\/strong><!--more--><\/p>\n<blockquote>\n<p style=\"text-align:justify;\">&#8220;La r\u00e9gion lausannoise forme un creuset d\u2019activit\u00e9s parmi les plus dynamiques de Suisse. Dans ce contexte, la ville de Lausanne conna\u00eet, depuis deux d\u00e9cennies,<br \/>\nune croissance soutenue de sa population, caract\u00e9ris\u00e9e par nombre d\u2019arriv\u00e9es et de d\u00e9parts chaque ann\u00e9e. Se pose alors la question de savoir comment les habitant\u00b7e\u00b7s per\u00e7oivent cette mobilit\u00e9, \u00e0 la fois int\u00e9rieure et internationale, de m\u00eame que les changements qui l\u2019accompagnent : \u00e9conomiques, de logements, de transports, d\u2019habitudes, ainsi qu\u2019une diversification socio-culturelle croissante. Il convient \u00e9galement d\u2019interroger la mani\u00e8re dont les r\u00e9sident\u00b7e\u00b7s appr\u00e9hendent leur quartier et l\u2019image que celui-ci renvoie \u00e0 l\u2019ext\u00e9rieur; est-ce que les personnes s\u2019y sentent assign\u00e9es ou au contraire, s\u2019y identifient, et qu\u2019impliquent ces v\u00e9cus ? Face \u00e0 ces enjeux, tout \u00e0 la fois chances et d\u00e9fis, la Municipalit\u00e9 entend sonder l\u2019\u00e9volution et pr\u00e9venir d\u2019\u00e9ventuelles sources de conflits, pour mieux impliquer la population dans le d\u00e9veloppement des quartiers.&#8221;<\/p>\n<\/blockquote>\n<p>&nbsp;<\/p>\n","protected":false},"excerpt":{"rendered":"<p>Author(s) : Ang\u00e8le F. Mendy, Denise Efionayi-M\u00e4der, Dina Bader, Jo\u00eblle&#8230;<\/p>\n","protected":false},"author":4,"featured_media":0,"comment_status":"open","ping_status":"open","sticky":false,"template":"","format":"standard","meta":{"_kadence_starter_templates_imported_post":false,"_kad_post_transparent":"","_kad_post_title":"","_kad_post_layout":"","_kad_post_sidebar_id":"","_kad_post_content_style":"","_kad_post_vertical_padding":"","_kad_post_feature":"","_kad_post_feature_position":"","_kad_post_header":false,"_kad_post_footer":false,"_kad_post_classname":"","jetpack_post_was_ever_published":false,"_jetpack_newsletter_access":"","_jetpack_dont_email_post_to_subs":false,"_jetpack_newsletter_tier_id":0,"_jetpack_memberships_contains_paywalled_content":false,"_jetpack_memberships_contains_paid_content":false,"footnotes":""},"categories":[24],"tags":[582,483,52,133,104,110,180,411,531,249,327,91,370],"class_list":["post-3394","post","type-post","status-publish","format-standard","hentry","category-society-family-racism","tag-582","tag-communities","tag-french-language","tag-immigrant-policy","tag-living-conditions","tag-mobility","tag-multiculturalism","tag-perception","tag-population-dynamics","tag-report","tag-research","tag-social-integration","tag-vaud"],"jetpack_featured_media_url":"","jetpack_sharing_enabled":true,"_links":{"self":[{"href":"https:\/\/swissmig.unine.ch\/index.php?rest_route=\/wp\/v2\/posts\/3394","targetHints":{"allow":["GET"]}}],"collection":[{"href":"https:\/\/swissmig.unine.ch\/index.php?rest_route=\/wp\/v2\/posts"}],"about":[{"href":"https:\/\/swissmig.unine.ch\/index.php?rest_route=\/wp\/v2\/types\/post"}],"author":[{"embeddable":true,"href":"https:\/\/swissmig.unine.ch\/index.php?rest_route=\/wp\/v2\/users\/4"}],"replies":[{"embeddable":true,"href":"https:\/\/swissmig.unine.ch\/index.php?rest_route=%2Fwp%2Fv2%2Fcomments&post=3394"}],"version-history":[{"count":0,"href":"https:\/\/swissmig.unine.ch\/index.php?rest_route=\/wp\/v2\/posts\/3394\/revisions"}],"wp:attachment":[{"href":"https:\/\/swissmig.unine.ch\/index.php?rest_route=%2Fwp%2Fv2%2Fmedia&parent=3394"}],"wp:term":[{"taxonomy":"category","embeddable":true,"href":"https:\/\/swissmig.unine.ch\/index.php?rest_route=%2Fwp%2Fv2%2Fcategories&post=3394"},{"taxonomy":"post_tag","embeddable":true,"href":"https:\/\/swissmig.unine.ch\/index.php?rest_route=%2Fwp%2Fv2%2Ftags&post=3394"}],"curies":[{"name":"wp","href":"https:\/\/api.w.org\/{rel}","templated":true}]}}