{"id":33939,"date":"2021-09-27T08:00:00","date_gmt":"2021-09-27T07:00:00","guid":{"rendered":"https:\/\/swissmig.wordpress.com\/?p=33939"},"modified":"2021-09-27T08:00:00","modified_gmt":"2021-09-27T07:00:00","slug":"de-professionnelles-qualifiees-a-migrantes-dequalifiees-barrieres-et-strategies-dans-lintegration-de-migrantes-provenant-de-leurope-du-sud-est-sur-le-marche-du-travail-genevois","status":"publish","type":"post","link":"https:\/\/swissmig.unine.ch\/?p=33939","title":{"rendered":"De professionnelles qualifi\u00e9es \u00e0 migrantes d\u00e9qualifi\u00e9es : barri\u00e8res et strat\u00e9gies dans l&#8217;int\u00e9gration de migrantes provenant de l&#8217;Europe du Sud-Est sur le march\u00e9 du travail genevois"},"content":{"rendered":"<h3>Author(s) : Kristela Tepelena<\/h3>\n<h3>Source : <a href=\"https:\/\/archive-ouverte.unige.ch\/unige:154451\" target=\"_blank\" rel=\"noopener\">https:\/\/archive-ouverte.unige.ch\/unige:154451<\/a><\/h3>\n<p><!--more--><\/p>\n<blockquote>\n<div class=\"hlFld-Abstract\">\n<div class=\"abstractSection abstractInFull\">&#8220;L\u2019\u00c9tat helv\u00e9tique fait partie de ces pays qui ont connu de nombreuses modifications sur<br \/>le march\u00e9 du travail, ainsi que l\u2019entr\u00e9e de flux de migrant.es qualifi\u00e9.es. Certes, la situation<br \/>diff\u00e8re pour chaque canton. Nous pouvons mentionner ici la sp\u00e9cialisation du secteur<br \/>pharmaceutique dans le canton de B\u00e2le, le d\u00e9veloppement du domaine bancaire \u00e0 Zurich,<br \/>ou le poids dominant des organisations internationales et multinationales \u00e0 Gen\u00e8ve (Steiner<br \/>et Wanner, 2018). De plus, l\u2019\u00e9volution des politiques migratoires, telles que l\u2019accord sur la<br \/>libre circulation des personnes entre la Suisse et les pays membre de l\u2019UE, ont contribu\u00e9 \u00e0<br \/>l\u2019arriv\u00e9e des flux migratoires qualifi\u00e9s.&#8221;<\/div>\n<\/div>\n<\/blockquote>\n\n\n<p><\/p>\n","protected":false},"excerpt":{"rendered":"<p>Author(s) : Kristela Tepelena Source : https:\/\/archive-ouverte.unige.ch\/unige:154451<\/p>\n","protected":false},"author":4,"featured_media":0,"comment_status":"open","ping_status":"open","sticky":false,"template":"","format":"standard","meta":{"_kadence_starter_templates_imported_post":false,"_kad_post_transparent":"","_kad_post_title":"","_kad_post_layout":"","_kad_post_sidebar_id":"","_kad_post_content_style":"","_kad_post_vertical_padding":"","_kad_post_feature":"","_kad_post_feature_position":"","_kad_post_header":false,"_kad_post_footer":false,"_kad_post_classname":"","jetpack_post_was_ever_published":false,"_jetpack_newsletter_access":"","_jetpack_dont_email_post_to_subs":false,"_jetpack_newsletter_tier_id":0,"_jetpack_memberships_contains_paywalled_content":false,"_jetpack_memberships_contains_paid_content":false,"footnotes":""},"categories":[16],"tags":[693,119,15,176,52,341,55,387,19,83,319,264,201,158],"class_list":["post-33939","post","type-post","status-publish","format-standard","hentry","category-economics","tag-693","tag-associations","tag-economic-impact","tag-economic-integration","tag-french-language","tag-geneva","tag-high-skilled-immigrants","tag-integration-policy","tag-labour-market","tag-labour-market-policy","tag-master-thesis","tag-skills","tag-women","tag-working-conditions"],"jetpack_featured_media_url":"","jetpack_sharing_enabled":true,"_links":{"self":[{"href":"https:\/\/swissmig.unine.ch\/index.php?rest_route=\/wp\/v2\/posts\/33939","targetHints":{"allow":["GET"]}}],"collection":[{"href":"https:\/\/swissmig.unine.ch\/index.php?rest_route=\/wp\/v2\/posts"}],"about":[{"href":"https:\/\/swissmig.unine.ch\/index.php?rest_route=\/wp\/v2\/types\/post"}],"author":[{"embeddable":true,"href":"https:\/\/swissmig.unine.ch\/index.php?rest_route=\/wp\/v2\/users\/4"}],"replies":[{"embeddable":true,"href":"https:\/\/swissmig.unine.ch\/index.php?rest_route=%2Fwp%2Fv2%2Fcomments&post=33939"}],"version-history":[{"count":0,"href":"https:\/\/swissmig.unine.ch\/index.php?rest_route=\/wp\/v2\/posts\/33939\/revisions"}],"wp:attachment":[{"href":"https:\/\/swissmig.unine.ch\/index.php?rest_route=%2Fwp%2Fv2%2Fmedia&parent=33939"}],"wp:term":[{"taxonomy":"category","embeddable":true,"href":"https:\/\/swissmig.unine.ch\/index.php?rest_route=%2Fwp%2Fv2%2Fcategories&post=33939"},{"taxonomy":"post_tag","embeddable":true,"href":"https:\/\/swissmig.unine.ch\/index.php?rest_route=%2Fwp%2Fv2%2Ftags&post=33939"}],"curies":[{"name":"wp","href":"https:\/\/api.w.org\/{rel}","templated":true}]}}