{"id":33930,"date":"2021-09-20T08:00:00","date_gmt":"2021-09-20T07:00:00","guid":{"rendered":"https:\/\/swissmig.wordpress.com\/?p=33930"},"modified":"2021-09-20T08:00:00","modified_gmt":"2021-09-20T07:00:00","slug":"la-litteratie-en-sante-de-la-population-migrante","status":"publish","type":"post","link":"https:\/\/swissmig.unine.ch\/?p=33930","title":{"rendered":"La litt\u00e9ratie en sant\u00e9 de la population migrante"},"content":{"rendered":"<h3>Author(s) : Johanna Probst, Didier Ruedin, Denise Efionayi<\/h3>\n<h3>Source : p. 74-76 <a href=\"http:\/\/www.terra-cognita.ch\/fileadmin\/user_upload\/terracognita\/documents\/terra_cognita_37.pdf\" target=\"_blank\" rel=\"noopener\">http:\/\/www.terra-cognita.ch\/fileadmin\/user_upload\/terracognita\/documents\/terra_cognita_37.pdf<\/a><\/h3>\n<p><!--more--><\/p>\n<blockquote>\n<div class=\"hlFld-Abstract\">\n<div class=\"abstractSection abstractInFull\">&#8220;<span id=\"page290R_mcid5982\" class=\"markedContent\"><span dir=\"ltr\" role=\"presentation\">S\u2019informer sur le Covid-19 n\u2019est pas forc\u00e9ment plus difficile pour la population migrante que <\/span><\/span><span id=\"page290R_mcid5983\" class=\"markedContent\"><span dir=\"ltr\" role=\"presentation\">pour<\/span> <span dir=\"ltr\" role=\"presentation\">la population g\u00e9n\u00e9rale en Suisse. Si la population migrante, m\u00eame vuln\u00e9rable, s\u2019estime <\/span><\/span><span id=\"page290R_mcid5984\" class=\"markedContent\"><span dir=\"ltr\" role=\"presentation\">globalement bien inform\u00e9e sur la pand\u00e9mie, elle n\u2019en reste pas moins d\u00e9stabilis\u00e9e par <\/span><\/span><span id=\"page290R_mcid5985\" class=\"markedContent\"><span dir=\"ltr\" role=\"presentation\">la<\/span> <span dir=\"ltr\" role=\"presentation\">profusion d\u2019informations. Cet apparent paradoxe touche au c\u0153ur de l\u2019 \u00abinfod\u00e9mie\u00bb.<\/span><\/span>&#8220;<\/div>\n<\/div>\n<\/blockquote>\n\n\n<p><\/p>\n","protected":false},"excerpt":{"rendered":"<p>Author(s) : Johanna Probst, Didier Ruedin, Denise Efionayi Source :&#8230;<\/p>\n","protected":false},"author":4,"featured_media":0,"comment_status":"open","ping_status":"open","sticky":false,"template":"","format":"standard","meta":{"_kadence_starter_templates_imported_post":false,"_kad_post_transparent":"","_kad_post_title":"","_kad_post_layout":"","_kad_post_sidebar_id":"","_kad_post_content_style":"","_kad_post_vertical_padding":"","_kad_post_feature":"","_kad_post_feature_position":"","_kad_post_header":false,"_kad_post_footer":false,"_kad_post_classname":"","jetpack_post_was_ever_published":false,"_jetpack_newsletter_access":"","_jetpack_dont_email_post_to_subs":false,"_jetpack_newsletter_tier_id":0,"_jetpack_memberships_contains_paywalled_content":false,"_jetpack_memberships_contains_paid_content":false,"footnotes":""},"categories":[59],"tags":[693,556,7,696,52,192,157,115,122,103,144],"class_list":["post-33930","post","type-post","status-publish","format-standard","hentry","category-health","tag-693","tag-access-to-health-care","tag-article","tag-covid-19","tag-french-language","tag-health-behavior","tag-health-care","tag-mass-media","tag-migrants","tag-refugees","tag-vulnerability"],"jetpack_featured_media_url":"","jetpack_sharing_enabled":true,"_links":{"self":[{"href":"https:\/\/swissmig.unine.ch\/index.php?rest_route=\/wp\/v2\/posts\/33930","targetHints":{"allow":["GET"]}}],"collection":[{"href":"https:\/\/swissmig.unine.ch\/index.php?rest_route=\/wp\/v2\/posts"}],"about":[{"href":"https:\/\/swissmig.unine.ch\/index.php?rest_route=\/wp\/v2\/types\/post"}],"author":[{"embeddable":true,"href":"https:\/\/swissmig.unine.ch\/index.php?rest_route=\/wp\/v2\/users\/4"}],"replies":[{"embeddable":true,"href":"https:\/\/swissmig.unine.ch\/index.php?rest_route=%2Fwp%2Fv2%2Fcomments&post=33930"}],"version-history":[{"count":0,"href":"https:\/\/swissmig.unine.ch\/index.php?rest_route=\/wp\/v2\/posts\/33930\/revisions"}],"wp:attachment":[{"href":"https:\/\/swissmig.unine.ch\/index.php?rest_route=%2Fwp%2Fv2%2Fmedia&parent=33930"}],"wp:term":[{"taxonomy":"category","embeddable":true,"href":"https:\/\/swissmig.unine.ch\/index.php?rest_route=%2Fwp%2Fv2%2Fcategories&post=33930"},{"taxonomy":"post_tag","embeddable":true,"href":"https:\/\/swissmig.unine.ch\/index.php?rest_route=%2Fwp%2Fv2%2Ftags&post=33930"}],"curies":[{"name":"wp","href":"https:\/\/api.w.org\/{rel}","templated":true}]}}