{"id":33922,"date":"2021-09-20T08:00:00","date_gmt":"2021-09-20T07:00:00","guid":{"rendered":"https:\/\/swissmig.wordpress.com\/?p=33922"},"modified":"2021-09-20T08:00:00","modified_gmt":"2021-09-20T07:00:00","slug":"der-einsatz-von-integrationsvereinbarungen-im-auslanderrecht-ein-rostigraben-warum","status":"publish","type":"post","link":"https:\/\/swissmig.unine.ch\/?p=33922","title":{"rendered":"Der Einsatz von Integrationsvereinbarungen im Ausl\u00e4nderrecht. Ein R\u00f6stigraben \u2013 warum?"},"content":{"rendered":"<h3>Author(s) : Barbara Marti Leprat<\/h3>\n<h3>Source : <a href=\"https:\/\/www.kpm.unibe.ch\/unibe\/portal\/center_generell\/a_title_strat_forschung\/k_kpm\/content\/e69705\/e232334\/e234053\/e1113958\/e1114007\/ProjektarbeitB.Marti_ger.pdf\" target=\"_blank\" rel=\"noopener\">https:\/\/www.kpm.unibe.ch\/unibe\/portal\/center_generell\/a_title_strat_forschung\/k_kpm\/content\/e69705\/e232334\/e234053\/e1113958\/e1114007\/ProjektarbeitB.Marti_ger.pdf<\/a><\/h3>\n<p><!--more--><\/p>\n<blockquote>\n<div class=\"hlFld-Abstract\">\n<div class=\"abstractSection abstractInFull\">&#8220;<span id=\"page3R_mcid1\" class=\"markedContent\"><span dir=\"ltr\" role=\"presentation\">Zusammen mit der Verankerung von Grunds\u00e4tzen der Integration im neuen Bundesgesetz \u00fcber <\/span><span dir=\"ltr\" role=\"presentation\">die Ausl\u00e4nderinnen und Ausl\u00e4nder (AuG) wurde Anfang 2008 das Instrument der <\/span><span dir=\"ltr\" role=\"presentation\">Integrations<\/span><span dir=\"ltr\" role=\"presentation\">vereinbarungen<\/span><span dir=\"ltr\" role=\"presentation\"> auf Bundesebene eingef\u00fchrt. Eines der Ziele des AuG war es, die Situation der <\/span><span dir=\"ltr\" role=\"presentation\">rechtm\u00e4ssig und dauerhaft anwesenden Ausl\u00e4nderinnen und Ausl\u00e4nder zu verbessern, indem <\/span><span dir=\"ltr\" role=\"presentation\">Anstrengungen f\u00fcr die Integration verst\u00e4rkt werden und auch die Ausl\u00e4nderinnen und Ausl\u00e4n<\/span><span dir=\"ltr\" role=\"presentation\">der ihren Teil dazu beitragen sollen. <\/span><\/span><span id=\"page3R_mcid2\" class=\"markedContent\"><span dir=\"ltr\" role=\"presentation\">Auf den systematischen Einsatz von Integrationsvereinbarungen wurde im AuG verzichtet und <\/span><span dir=\"ltr\" role=\"presentation\">der Entscheid \u00fcber die Anwendung der Integrationsvereinbarungen den Kantonen \u00fcberlassen. <\/span><span dir=\"ltr\" role=\"presentation\">Die Umsetzung erfolgte daraufhin in sehr unterschiedlicher Weise, wobei festzustellen ist, dass <\/span><span dir=\"ltr\" role=\"presentation\">die Kantone der Suisse romande auf den Einsatz von Integrationsvereinbarungen verzichten. <\/span><span dir=\"ltr\" role=\"presentation\">Ein <\/span> <span dir=\"ltr\" role=\"presentation\">R\u00f6stigraben<\/span><span dir=\"ltr\" role=\"presentation\"> also im Bereich der Anwendung der Integrationsvereinbarungen durch die <\/span><span dir=\"ltr\" role=\"presentation\">Kantone, es stellt sich die Frage warum? <\/span><\/span>&#8220;<\/div>\n<\/div>\n<\/blockquote>\n\n\n<p><\/p>\n","protected":false},"excerpt":{"rendered":"<p>Author(s) : Barbara Marti Leprat Source : https:\/\/www.kpm.unibe.ch\/unibe\/portal\/center_generell\/a_title_strat_forschung\/k_kpm\/content\/e69705\/e232334\/e234053\/e1113958\/e1114007\/ProjektarbeitB.Marti_ger.pdf<\/p>\n","protected":false},"author":4,"featured_media":0,"comment_status":"open","ping_status":"open","sticky":false,"template":"","format":"standard","meta":{"_kadence_starter_templates_imported_post":false,"_kad_post_transparent":"","_kad_post_title":"","_kad_post_layout":"","_kad_post_sidebar_id":"","_kad_post_content_style":"","_kad_post_vertical_padding":"","_kad_post_feature":"","_kad_post_feature_position":"","_kad_post_header":false,"_kad_post_footer":false,"_kad_post_classname":"","jetpack_post_was_ever_published":false,"_jetpack_newsletter_access":"","_jetpack_dont_email_post_to_subs":false,"_jetpack_newsletter_tier_id":0,"_jetpack_memberships_contains_paywalled_content":false,"_jetpack_memberships_contains_paid_content":false,"footnotes":""},"categories":[12],"tags":[654,273,57,73,387,160,36,103,219],"class_list":["post-33922","post","type-post","status-publish","format-standard","hentry","category-politics","tag-654","tag-cantons","tag-comparative-analysis","tag-german-language","tag-integration-policy","tag-integration-programmes","tag-migration-policy","tag-refugees","tag-thesis"],"jetpack_featured_media_url":"","jetpack_sharing_enabled":true,"_links":{"self":[{"href":"https:\/\/swissmig.unine.ch\/index.php?rest_route=\/wp\/v2\/posts\/33922","targetHints":{"allow":["GET"]}}],"collection":[{"href":"https:\/\/swissmig.unine.ch\/index.php?rest_route=\/wp\/v2\/posts"}],"about":[{"href":"https:\/\/swissmig.unine.ch\/index.php?rest_route=\/wp\/v2\/types\/post"}],"author":[{"embeddable":true,"href":"https:\/\/swissmig.unine.ch\/index.php?rest_route=\/wp\/v2\/users\/4"}],"replies":[{"embeddable":true,"href":"https:\/\/swissmig.unine.ch\/index.php?rest_route=%2Fwp%2Fv2%2Fcomments&post=33922"}],"version-history":[{"count":0,"href":"https:\/\/swissmig.unine.ch\/index.php?rest_route=\/wp\/v2\/posts\/33922\/revisions"}],"wp:attachment":[{"href":"https:\/\/swissmig.unine.ch\/index.php?rest_route=%2Fwp%2Fv2%2Fmedia&parent=33922"}],"wp:term":[{"taxonomy":"category","embeddable":true,"href":"https:\/\/swissmig.unine.ch\/index.php?rest_route=%2Fwp%2Fv2%2Fcategories&post=33922"},{"taxonomy":"post_tag","embeddable":true,"href":"https:\/\/swissmig.unine.ch\/index.php?rest_route=%2Fwp%2Fv2%2Ftags&post=33922"}],"curies":[{"name":"wp","href":"https:\/\/api.w.org\/{rel}","templated":true}]}}