{"id":33912,"date":"2021-09-13T08:00:00","date_gmt":"2021-09-13T07:00:00","guid":{"rendered":"https:\/\/swissmig.wordpress.com\/?p=33912"},"modified":"2021-09-13T08:00:00","modified_gmt":"2021-09-13T07:00:00","slug":"mannlichkeit-im-spannungsfeld-auswirkungen-ambivalenter-darstellungen-afghanischer-gefluchteter-in-deutschland-und-der-schweiz","status":"publish","type":"post","link":"https:\/\/swissmig.unine.ch\/?p=33912","title":{"rendered":"M\u00e4nnlichkeit im Spannungsfeld: Auswirkungen ambivalenter Darstellungen afghanischer Gefl\u00fcchteter in Deutschland und der Schweiz"},"content":{"rendered":"<h3>Author(s) : Anna Wyss, Carolin Fischer<\/h3>\n<h3>Source : <a href=\"https:\/\/www.nomos-elibrary.de\/10.5771\/2509-9485-2021-1-44.pdf\" target=\"_blank\" rel=\"noopener\">https:\/\/www.nomos-elibrary.de\/10.5771\/2509-9485-2021-1-44.pdf<\/a><\/h3>\n<p><!--more--><\/p>\n<blockquote>\n<div class=\"hlFld-Abstract\">\n<div class=\"abstractSection abstractInFull\">&#8220;This paper explores the interplay of ambivalent representations of masculinity in the everyday lives and practices of Afghan refugees in Germany and Switzerland and analyses its consequences. We demonstrate how exposure to suspicion and legal precarity in the receiving society in conjunction with responsibilities for family members living abroad produce gendered tensions. These tensions derive from arbitrary imperatives inherent to European migration politics, the implications of holding a precarious legal status and unfulfilled expectations of family members living abroad. Exposure to such coinciding but contradictory requirements places male refugees at risk of dual marginalization.&#8221;<\/div>\n<div>\u00a0<\/div>\n<div>&#8220;Dieser Beitrag besch\u00e4ftigt sich mit den Auswirkungen ambivalenter M\u00e4nnlichkeitskonstruktionen auf die Lebensrealit\u00e4ten und Handlungsstrategien von afghanischen Gefl\u00fcchteten in Deutschland und der Schweiz. Wir zeigen, wie Argwohn, Ausgrenzungserfahrungen und rechtliche Prekarit\u00e4t in der Aufnahmegesellschaft in Kombination mit Verantwortungsgef\u00fchlen gegen\u00fcber Familienmitgliedern ein vergeschlechtlichtes Spannungsfeld f\u00fcr m\u00e4nnliche Gefl\u00fcchtete erzeugen. Dieses ergibt sich aus widerspr\u00fcchlichen Handlungsimperativen der europ\u00e4ischen Migrationspolitik, prek\u00e4rem rechtlichem Status und unerf\u00fcllten Erwartungen der Familie gegen\u00fcber und setzt m\u00e4nnliche Gefl\u00fcchtete einem geschlechtsspezifischen Risiko doppelter Marginalisierung aus.&#8221;<\/div>\n<\/div>\n<\/blockquote>\n\n\n<p><\/p>\n","protected":false},"excerpt":{"rendered":"<p>Author(s) : Anna Wyss, Carolin Fischer Source : https:\/\/www.nomos-elibrary.de\/10.5771\/2509-9485-2021-1-44.pdf<\/p>\n","protected":false},"author":4,"featured_media":0,"comment_status":"open","ping_status":"open","sticky":false,"template":"","format":"standard","meta":{"_kadence_starter_templates_imported_post":false,"_kad_post_transparent":"","_kad_post_title":"","_kad_post_layout":"","_kad_post_sidebar_id":"","_kad_post_content_style":"","_kad_post_vertical_padding":"","_kad_post_feature":"","_kad_post_feature_position":"","_kad_post_header":false,"_kad_post_footer":false,"_kad_post_classname":"","jetpack_post_was_ever_published":false,"_jetpack_newsletter_access":"","_jetpack_dont_email_post_to_subs":false,"_jetpack_newsletter_tier_id":0,"_jetpack_memberships_contains_paywalled_content":false,"_jetpack_memberships_contains_paid_content":false,"footnotes":""},"categories":[167],"tags":[693,474,7,121,259,21,148,73,226,36,90,643,103,204,144],"class_list":["post-33912","post","type-post","status-publish","format-standard","hentry","category-ethnicity-languages-religion-arts","tag-693","tag-afghans","tag-article","tag-ethnic-minorities","tag-ethnicity","tag-family","tag-gender","tag-german-language","tag-germany","tag-migration-policy","tag-reception-policy","tag-refugee-status","tag-refugees","tag-representation","tag-vulnerability"],"jetpack_featured_media_url":"","jetpack_sharing_enabled":true,"_links":{"self":[{"href":"https:\/\/swissmig.unine.ch\/index.php?rest_route=\/wp\/v2\/posts\/33912","targetHints":{"allow":["GET"]}}],"collection":[{"href":"https:\/\/swissmig.unine.ch\/index.php?rest_route=\/wp\/v2\/posts"}],"about":[{"href":"https:\/\/swissmig.unine.ch\/index.php?rest_route=\/wp\/v2\/types\/post"}],"author":[{"embeddable":true,"href":"https:\/\/swissmig.unine.ch\/index.php?rest_route=\/wp\/v2\/users\/4"}],"replies":[{"embeddable":true,"href":"https:\/\/swissmig.unine.ch\/index.php?rest_route=%2Fwp%2Fv2%2Fcomments&post=33912"}],"version-history":[{"count":0,"href":"https:\/\/swissmig.unine.ch\/index.php?rest_route=\/wp\/v2\/posts\/33912\/revisions"}],"wp:attachment":[{"href":"https:\/\/swissmig.unine.ch\/index.php?rest_route=%2Fwp%2Fv2%2Fmedia&parent=33912"}],"wp:term":[{"taxonomy":"category","embeddable":true,"href":"https:\/\/swissmig.unine.ch\/index.php?rest_route=%2Fwp%2Fv2%2Fcategories&post=33912"},{"taxonomy":"post_tag","embeddable":true,"href":"https:\/\/swissmig.unine.ch\/index.php?rest_route=%2Fwp%2Fv2%2Ftags&post=33912"}],"curies":[{"name":"wp","href":"https:\/\/api.w.org\/{rel}","templated":true}]}}