{"id":33908,"date":"2021-09-13T08:00:00","date_gmt":"2021-09-13T07:00:00","guid":{"rendered":"https:\/\/swissmig.wordpress.com\/?p=33908"},"modified":"2021-09-13T08:00:00","modified_gmt":"2021-09-13T07:00:00","slug":"litteratie-en-sante-relative-au-covid-19-focus-sur-la-population-migrante","status":"publish","type":"post","link":"https:\/\/swissmig.unine.ch\/?p=33908","title":{"rendered":"Litt\u00e9ratie en sant\u00e9 relative au covid-19 : focus sur la population migrante"},"content":{"rendered":"<h3>Author(s) : Johanna Probst, Didier Ruedin, Patrick Bodenmann, Denise Efionayi-M\u00e4der, Philippe Wanner<\/h3>\n<h3>Source : <a href=\"https:\/\/www.bag.admin.ch\/dam\/bag\/de\/dokumente\/nat-gesundheitspolitik\/gesundheitskompetenz\/migrationsbevolkerung-gesundheitskompetenz-und-covid-19.pdf\" target=\"_blank\" rel=\"noopener\">https:\/\/www.bag.admin.ch\/dam\/bag\/de\/dokumente\/nat-gesundheitspolitik\/gesundheitskompetenz\/migrationsbevolkerung-gesundheitskompetenz-und-covid-19.pdf<\/a><\/h3>\n<p><!--more--><\/p>\n<blockquote>\n<div class=\"hlFld-Abstract\">\n<div class=\"abstractSection abstractInFull\">&#8220;En juillet 2020, l\u2019Office f\u00e9d\u00e9ral de la sant\u00e9 publique (OFSP) mandate le Forum Suisse pour l\u2019\u00e9tude des\n<div>migrations et de la population (SFM) de l\u2019Universit\u00e9 de Neuch\u00e2tel pour \u00e9tudier la litt\u00e9ratie en sant\u00e9 relative au covid-19 de la population migrante particuli\u00e8rement vuln\u00e9rable. Le concept de litt\u00e9ratie en sant\u00e9 (g\u00e9n\u00e9rale) a fait l\u2019objet de diff\u00e9rentes \u00e9tudes et campagnes de l\u2019OFSP dans le pass\u00e9. Il renvoie \u00e0 la capacit\u00e9 des individus \u00e0 prendre au quotidien des d\u00e9cisions qui ont une influence positive sur leur sant\u00e9. Cette \u00e9tude applique le concept g\u00e9n\u00e9ral \u00e0 la situation pand\u00e9mique due \u00e0 la propagation du nouveau coronavirus : elle vise donc \u00e0 \u00e9tudier la litt\u00e9ratie en sant\u00e9 <i>relative au covid-19<\/i>. Pour ceci, elle s\u2019appuie sur un questionnaire ayant d\u00e9j\u00e0 \u00e9t\u00e9 utilis\u00e9 par d\u2019autres \u00e9tudes au d\u00e9but de la pand\u00e9mie, aupr\u00e8s de la population g\u00e9n\u00e9rale en Allemagne (Okan et al. 2020) et en Suisse (Vogt et al. 2020). La pr\u00e9sente \u00e9tude s\u2019int\u00e9resse \u00e0 la population migrante, et plus sp\u00e9cifiquement \u00e0 celle susceptible de ne pas (encore) parfaitement comprendre la langue locale. Elle renoue ainsi avec les questionnements relatifs \u00e0 l\u2019\u00e9quit\u00e9 en sant\u00e9 et \u00e0 l\u2019acc\u00e8s \u00e0 la sant\u00e9 de la population migrante pr\u00e9sentant une vuln\u00e9rabilit\u00e9 sociale accrue. La vuln\u00e9rabilit\u00e9 sociale est d\u00e9finie comme une situation de vie marqu\u00e9e par le fait d\u2019avoir un faible niveau de formation formelle, d\u2019\u00eatre pas ou peu ins\u00e9r\u00e9 sur le march\u00e9 du travail, de disposer de ressources financi\u00e8res limit\u00e9es, de s\u00e9journer en Suisse sans statut l\u00e9gal ou avec un statut pr\u00e9caire et de ma\u00eetriser imparfaitement la langue locale (parl\u00e9e dans le lieu de vie en Suisse).&#8221;<\/div>\n<\/div>\n<div>\u00a0<\/div>\n<div><strong>Keywords<\/strong>: Covid-19, health behavior, SFM Studies, refugees, vulnerability, decision-making, health inequalities, language barriers<\/div>\n<\/div>\n<\/blockquote>\n\n\n<p><\/p>\n","protected":false},"excerpt":{"rendered":"<p>Author(s) : Johanna Probst, Didier Ruedin, Patrick Bodenmann, Denise Efionayi-M\u00e4der,&#8230;<\/p>\n","protected":false},"author":4,"featured_media":0,"comment_status":"open","ping_status":"open","sticky":false,"template":"","format":"standard","meta":{"_kadence_starter_templates_imported_post":false,"_kad_post_transparent":"","_kad_post_title":"","_kad_post_layout":"","_kad_post_sidebar_id":"","_kad_post_content_style":"","_kad_post_vertical_padding":"","_kad_post_feature":"","_kad_post_feature_position":"","_kad_post_header":false,"_kad_post_footer":false,"_kad_post_classname":"","jetpack_post_was_ever_published":false,"_jetpack_newsletter_access":"","_jetpack_dont_email_post_to_subs":false,"_jetpack_newsletter_tier_id":0,"_jetpack_memberships_contains_paywalled_content":false,"_jetpack_memberships_contains_paid_content":false,"footnotes":""},"categories":[59],"tags":[693,696,310,176,79,52,226,192,350,17,236,519,295,103,249,645,181,262,144],"class_list":["post-33908","post","type-post","status-publish","format-standard","hentry","category-health","tag-693","tag-covid-19","tag-decision-making","tag-economic-integration","tag-equal-opportunities","tag-french-language","tag-germany","tag-health-behavior","tag-health-inequalities","tag-immigrants","tag-language-barriers","tag-low-skilled-immigrants","tag-prevention","tag-refugees","tag-report","tag-sfm-studies","tag-survey","tag-undocumented-immigrants","tag-vulnerability"],"jetpack_featured_media_url":"","jetpack_sharing_enabled":true,"_links":{"self":[{"href":"https:\/\/swissmig.unine.ch\/index.php?rest_route=\/wp\/v2\/posts\/33908","targetHints":{"allow":["GET"]}}],"collection":[{"href":"https:\/\/swissmig.unine.ch\/index.php?rest_route=\/wp\/v2\/posts"}],"about":[{"href":"https:\/\/swissmig.unine.ch\/index.php?rest_route=\/wp\/v2\/types\/post"}],"author":[{"embeddable":true,"href":"https:\/\/swissmig.unine.ch\/index.php?rest_route=\/wp\/v2\/users\/4"}],"replies":[{"embeddable":true,"href":"https:\/\/swissmig.unine.ch\/index.php?rest_route=%2Fwp%2Fv2%2Fcomments&post=33908"}],"version-history":[{"count":0,"href":"https:\/\/swissmig.unine.ch\/index.php?rest_route=\/wp\/v2\/posts\/33908\/revisions"}],"wp:attachment":[{"href":"https:\/\/swissmig.unine.ch\/index.php?rest_route=%2Fwp%2Fv2%2Fmedia&parent=33908"}],"wp:term":[{"taxonomy":"category","embeddable":true,"href":"https:\/\/swissmig.unine.ch\/index.php?rest_route=%2Fwp%2Fv2%2Fcategories&post=33908"},{"taxonomy":"post_tag","embeddable":true,"href":"https:\/\/swissmig.unine.ch\/index.php?rest_route=%2Fwp%2Fv2%2Ftags&post=33908"}],"curies":[{"name":"wp","href":"https:\/\/api.w.org\/{rel}","templated":true}]}}