{"id":33890,"date":"2021-09-06T08:00:00","date_gmt":"2021-09-06T07:00:00","guid":{"rendered":"https:\/\/swissmig.wordpress.com\/?p=33890"},"modified":"2021-09-06T08:00:00","modified_gmt":"2021-09-06T07:00:00","slug":"la-migration-des-elites-en-suisse-evolution-des-flux-et-repartition-spatiale-des-migrants-hautement-qualifies-entre-2000-et-2007","status":"publish","type":"post","link":"https:\/\/swissmig.unine.ch\/?p=33890","title":{"rendered":"La migration des \u00e9lites en Suisse: \u00e9volution des flux et r\u00e9partition spatiale des migrants hautement qualifi\u00e9s entre 2000 et 2007"},"content":{"rendered":"<h3>Author(s) : Kevin Gertsch<\/h3>\n<h3>Source : <a href=\"https:\/\/libra.unine.ch\/handle\/123456789\/15556\" target=\"_blank\" rel=\"noopener\">https:\/\/libra.unine.ch\/handle\/123456789\/15556<\/a><\/h3>\n<p><!--more--><\/p>\n<blockquote>\n<div class=\"hlFld-Abstract\">\n<div class=\"abstractSection abstractInFull\">&#8220;<span dir=\"ltr\" role=\"presentation\">A partir de la deuxi\u00e8me moiti\u00e9 du vingti\u00e8me si\u00e8cle, la tendance de la nature des flux migratoires internationaux a progressivement \u00e9volu\u00e9. Une nouvelle forme de migration contemporaine caract\u00e9ris\u00e9e par des mouvements de travailleurs hautement qualifi\u00e9s a \u00e9merg\u00e9, influenc\u00e9e par des bouleversements politiques et \u00e9conomiques. La Suisse n\u2019a pas \u00e9chapp\u00e9 \u00e0 ces changements. D\u2019un point de vue l\u00e9gislatif, la politique migratoire du pays a \u00e9volu\u00e9 vers une s\u00e9lection des migrants se basant sur le niveau de qualification. D\u2019autre part, on assiste \u00e0 l\u2019entr\u00e9e en vigueur de l\u2019accord sur la libre circulation en 2002, facilitant grandement la mobilit\u00e9 des travailleurs entre l\u2019Union europ\u00e9enne et la Suisse. Au niveau de la structure \u00e9conomique, on assiste \u00e0 un accroissement de la place prise par le secteur des services, principalement localis\u00e9s dans les grands centres urbains. Partant de ces \u00e9l\u00e9ments, l\u2019objectif principal de ce travail est d\u2019enrichir le descriptif sur les mouvements internationaux de travailleurs hautement qualifi\u00e9s vers la Suisse en nous focalisant sur une p\u00e9riode tr\u00e8s r\u00e9cente (2000-2007). Deux aspects sont trait\u00e9s : l\u2019\u00e9volution du flux et la r\u00e9partition spatiale de cette cat\u00e9gorie de migrants. Auparavant, nous proposons une r\u00e9flexion m\u00e9thodologique sur la fa\u00e7on de d\u00e9finir le travailleur hautement qualifi\u00e9 en regard des sources de donn\u00e9es statistiques \u00e0 disposition. Nous parvenons \u00e0 montrer que, globalement, le nombre d\u2019entr\u00e9es annuelles de migrants hautement qualifi\u00e9s augmente passablement durant la p\u00e9riode \u00e9tudi\u00e9e. Il semble donc que les changements de la politique migratoire aient une certaine influence sur l\u2019\u00e9volution du niveau de qualification des travailleurs \u00e9trangers entr\u00e9s en Suisse. Cet accroissement est principalement d\u00fb \u00e0 l\u2019afflux de migrants de l\u2019Union europ\u00e9enne. Cependant, il n\u2019appara\u00eet pas que l\u2019entr\u00e9e en vigueur de l\u2019Accord sur la libre circulation marque une scission nette dans l\u2019\u00e9volution des flux de migrants hautement qualifi\u00e9s provenant de l\u2019Union europ\u00e9enne. En effet, cette augmentation est relativement constante tout au long de la p\u00e9riode \u00e9tudi\u00e9e. En outre, nous cherchons \u00e0 savoir si le fait que la majorit\u00e9 des entreprises du secteur tertiaire soient localis\u00e9es dans les grandes zones urbaines influe sur la r\u00e9partition spatiale des \u00e9trangers hautement qualifi\u00e9s. Nous mettons effectivement en \u00e9vidence que cette cat\u00e9gorie de migrants r\u00e9side principalement dans les grandes agglom\u00e9rations helv\u00e9tiques et que, parmi celles-ci, Z\u00fcrich et Gen\u00e8ve constituent des lieux d\u2019\u00e9tablissement privil\u00e9gi\u00e9s.<\/span>&#8220;<\/div>\n<div>\u00a0<\/div>\n<div class=\"abstractSection abstractInFull\"><strong>Mots-cl\u00e9s<\/strong> : migration ; travailleurs hautement qualifi\u00e9s ; Suisse ; globalisation ; accord sur la libre circulation des personnes ; politiques migratoires ; flux ; r\u00e9partition spatiale\n<p><strong>Keywords<\/strong>: migration\u00a0; highly skilled workers\u00a0; Switzerland\u00a0; globalisazion\u00a0; agreement on the free movement of persons\u00a0; migration policies\u00a0; flows\u00a0; spatial aspects<\/p>\n<\/div>\n<\/div>\n<\/blockquote>\n\n\n<p><\/p>\n","protected":false},"excerpt":{"rendered":"<p>Author(s) : Kevin Gertsch Source : https:\/\/libra.unine.ch\/handle\/123456789\/15556<\/p>\n","protected":false},"author":4,"featured_media":0,"comment_status":"open","ping_status":"open","sticky":false,"template":"","format":"standard","meta":{"_kadence_starter_templates_imported_post":false,"_kad_post_transparent":"","_kad_post_title":"","_kad_post_layout":"","_kad_post_sidebar_id":"","_kad_post_content_style":"","_kad_post_vertical_padding":"","_kad_post_feature":"","_kad_post_feature_position":"","_kad_post_header":false,"_kad_post_footer":false,"_kad_post_classname":"","jetpack_post_was_ever_published":false,"_jetpack_newsletter_access":"","_jetpack_dont_email_post_to_subs":false,"_jetpack_newsletter_tier_id":0,"_jetpack_memberships_contains_paywalled_content":false,"_jetpack_memberships_contains_paid_content":false,"footnotes":""},"categories":[109],"tags":[414,446,27,107,52,341,108,301,55,87,18,19,319,20,246],"class_list":["post-33890","post","type-post","status-publish","format-standard","hentry","category-human-geography","tag-414","tag-enterprises","tag-european-union","tag-freedom-of-movement","tag-french-language","tag-geneva","tag-geography","tag-globalization","tag-high-skilled-immigrants","tag-history","tag-international-migration","tag-labour-market","tag-master-thesis","tag-migration-flows","tag-zurich"],"jetpack_featured_media_url":"","jetpack_sharing_enabled":true,"_links":{"self":[{"href":"https:\/\/swissmig.unine.ch\/index.php?rest_route=\/wp\/v2\/posts\/33890","targetHints":{"allow":["GET"]}}],"collection":[{"href":"https:\/\/swissmig.unine.ch\/index.php?rest_route=\/wp\/v2\/posts"}],"about":[{"href":"https:\/\/swissmig.unine.ch\/index.php?rest_route=\/wp\/v2\/types\/post"}],"author":[{"embeddable":true,"href":"https:\/\/swissmig.unine.ch\/index.php?rest_route=\/wp\/v2\/users\/4"}],"replies":[{"embeddable":true,"href":"https:\/\/swissmig.unine.ch\/index.php?rest_route=%2Fwp%2Fv2%2Fcomments&post=33890"}],"version-history":[{"count":0,"href":"https:\/\/swissmig.unine.ch\/index.php?rest_route=\/wp\/v2\/posts\/33890\/revisions"}],"wp:attachment":[{"href":"https:\/\/swissmig.unine.ch\/index.php?rest_route=%2Fwp%2Fv2%2Fmedia&parent=33890"}],"wp:term":[{"taxonomy":"category","embeddable":true,"href":"https:\/\/swissmig.unine.ch\/index.php?rest_route=%2Fwp%2Fv2%2Fcategories&post=33890"},{"taxonomy":"post_tag","embeddable":true,"href":"https:\/\/swissmig.unine.ch\/index.php?rest_route=%2Fwp%2Fv2%2Ftags&post=33890"}],"curies":[{"name":"wp","href":"https:\/\/api.w.org\/{rel}","templated":true}]}}