{"id":33862,"date":"2021-08-23T08:00:00","date_gmt":"2021-08-23T07:00:00","guid":{"rendered":"https:\/\/swissmig.wordpress.com\/?p=33862"},"modified":"2021-08-23T08:00:00","modified_gmt":"2021-08-23T07:00:00","slug":"meine-liebe-fur-die-schweiz-wurde-enttauscht-live-in-betreuerinnen-in-schweizer-privathaushalten","status":"publish","type":"post","link":"https:\/\/swissmig.unine.ch\/?p=33862","title":{"rendered":"\u00abMeine Liebe f\u00fcr die Schweiz wurde entt\u00e4uscht.\u00bb Live-in-Betreuerinnen in Schweizer Privathaushalten"},"content":{"rendered":"<h3>Author(s) : Karin Schwiter, Jennifer Steiner, Anahi Villalba, Andreas Lustenberger<\/h3>\n<h3>Source : <a href=\"https:\/\/www.zora.uzh.ch\/id\/eprint\/205351\/1\/2021_Schwiter_etal_TerraCognita.pdf\" target=\"_blank\" rel=\"noopener\">https:\/\/www.zora.uzh.ch\/id\/eprint\/205351\/1\/2021_Schwiter_etal_TerraCognita.pdf<\/a><\/h3>\n<p><!--more--><\/p>\n<blockquote>\n<div class=\"hlFld-Abstract\">\n<div class=\"abstractSection abstractInFull\">&#8220;<span dir=\"ltr\" role=\"presentation\">Was bedeutet es,<\/span> <span dir=\"ltr\" role=\"presentation\">w\u00e4hrend der Covid-19-Pandemie als Betreuerin in einem Schweizer Pri-<\/span><br role=\"presentation\" \/><span dir=\"ltr\" role=\"presentation\">vathaushalt f\u00fcr eine \u00e4ltere Person zu sorgen?<\/span> <span dir=\"ltr\" role=\"presentation\">Und was passiert, wenn der Job ganz pl\u00f6tzlich wegf\u00e4llt?<\/span><br role=\"presentation\" \/><span dir=\"ltr\" role=\"presentation\">Die Geschichten von zwei Frauen aus Polen und Rum\u00e4nien als Beispiel f\u00fcr migrantische Arbeitskr\u00e4fte,<\/span><br role=\"presentation\" \/><span dir=\"ltr\" role=\"presentation\">deren Arbeit auch w\u00e4hrend der Pandemie unentbehrlich ist und die trotzdem durch die Maschen der<\/span><br role=\"presentation\" \/><span dir=\"ltr\" role=\"presentation\">Rettungsschirme fallen.<\/span>&#8220;<\/div>\n<\/div>\n<\/blockquote>\n\n\n<p><\/p>\n","protected":false},"excerpt":{"rendered":"<p>Author(s) : Karin Schwiter, Jennifer Steiner, Anahi Villalba, Andreas Lustenberger&#8230;<\/p>\n","protected":false},"author":4,"featured_media":0,"comment_status":"open","ping_status":"open","sticky":false,"template":"","format":"standard","meta":{"_kadence_starter_templates_imported_post":false,"_kad_post_transparent":"","_kad_post_title":"","_kad_post_layout":"","_kad_post_sidebar_id":"","_kad_post_content_style":"","_kad_post_vertical_padding":"","_kad_post_feature":"","_kad_post_feature_position":"","_kad_post_header":false,"_kad_post_footer":false,"_kad_post_classname":"","jetpack_post_was_ever_published":false,"_jetpack_newsletter_access":"","_jetpack_dont_email_post_to_subs":false,"_jetpack_newsletter_tier_id":0,"_jetpack_memberships_contains_paywalled_content":false,"_jetpack_memberships_contains_paid_content":false,"footnotes":""},"categories":[16],"tags":[693,7,659,696,15,73,17,129,104,102,308,340,245,201,158],"class_list":["post-33862","post","type-post","status-publish","format-standard","hentry","category-economics","tag-693","tag-article","tag-care-workers","tag-covid-19","tag-economic-impact","tag-german-language","tag-immigrants","tag-law","tag-living-conditions","tag-poverty","tag-social-security","tag-social-support","tag-temporary-migration","tag-women","tag-working-conditions"],"jetpack_featured_media_url":"","jetpack_sharing_enabled":true,"_links":{"self":[{"href":"https:\/\/swissmig.unine.ch\/index.php?rest_route=\/wp\/v2\/posts\/33862","targetHints":{"allow":["GET"]}}],"collection":[{"href":"https:\/\/swissmig.unine.ch\/index.php?rest_route=\/wp\/v2\/posts"}],"about":[{"href":"https:\/\/swissmig.unine.ch\/index.php?rest_route=\/wp\/v2\/types\/post"}],"author":[{"embeddable":true,"href":"https:\/\/swissmig.unine.ch\/index.php?rest_route=\/wp\/v2\/users\/4"}],"replies":[{"embeddable":true,"href":"https:\/\/swissmig.unine.ch\/index.php?rest_route=%2Fwp%2Fv2%2Fcomments&post=33862"}],"version-history":[{"count":0,"href":"https:\/\/swissmig.unine.ch\/index.php?rest_route=\/wp\/v2\/posts\/33862\/revisions"}],"wp:attachment":[{"href":"https:\/\/swissmig.unine.ch\/index.php?rest_route=%2Fwp%2Fv2%2Fmedia&parent=33862"}],"wp:term":[{"taxonomy":"category","embeddable":true,"href":"https:\/\/swissmig.unine.ch\/index.php?rest_route=%2Fwp%2Fv2%2Fcategories&post=33862"},{"taxonomy":"post_tag","embeddable":true,"href":"https:\/\/swissmig.unine.ch\/index.php?rest_route=%2Fwp%2Fv2%2Ftags&post=33862"}],"curies":[{"name":"wp","href":"https:\/\/api.w.org\/{rel}","templated":true}]}}