{"id":33850,"date":"2021-08-23T08:00:00","date_gmt":"2021-08-23T07:00:00","guid":{"rendered":"https:\/\/swissmig.wordpress.com\/?p=33850"},"modified":"2021-08-23T08:00:00","modified_gmt":"2021-08-23T07:00:00","slug":"prise-en-charge-medicale-des-refugies-jai-limpression-davoir-le-monde-dans-ma-salle-dattente","status":"publish","type":"post","link":"https:\/\/swissmig.unine.ch\/?p=33850","title":{"rendered":"Prise en charge m\u00e9dicale des r\u00e9fugi\u00e9s : \u00abJ&#8217;ai l&#8217;impression d&#8217;avoir le monde dans ma salle d&#8217;attente\u00bb"},"content":{"rendered":"<h3>Author(s) : Julia Rippstein<\/h3>\n<h3>Source : <a href=\"https:\/\/doi.org\/10.4414\/bms.2021.19928\" target=\"_blank\" rel=\"noopener\">https:\/\/doi.org\/10.4414\/bms.2021.19928<\/a><\/h3>\n<p><!--more--><\/p>\n<blockquote>\n<div class=\"hlFld-Abstract\">\n<div class=\"abstractSection abstractInFull\">&#8220;Guerre, famine, dictature, violences, pauvret\u00e9: autant de raisons qui poussent \u00e0 prendre le chemin de l\u2019exil. Aux H\u00f4pitaux universitaires de Gen\u00e8ve (HUG), le Programme Sant\u00e9 Migrants prend en charge les demandeurs d\u2019asile et r\u00e9fugi\u00e9s attribu\u00e9s au canton de Gen\u00e8ve. Rencontre avec Sophie Durieux-Paillard, m\u00e9decin qui a co-cr\u00e9\u00e9 ce programme il y a pr\u00e8s de 30 ans et qui le pilote aujourd\u2019hui.&#8221;<\/div>\n<\/div>\n<\/blockquote>\n\n\n<p><\/p>\n","protected":false},"excerpt":{"rendered":"<p>Author(s) : Julia Rippstein Source : https:\/\/doi.org\/10.4414\/bms.2021.19928<\/p>\n","protected":false},"author":4,"featured_media":0,"comment_status":"open","ping_status":"open","sticky":false,"template":"","format":"standard","meta":{"_kadence_starter_templates_imported_post":false,"_kad_post_transparent":"","_kad_post_title":"","_kad_post_layout":"","_kad_post_sidebar_id":"","_kad_post_content_style":"","_kad_post_vertical_padding":"","_kad_post_feature":"","_kad_post_feature_position":"","_kad_post_header":false,"_kad_post_footer":false,"_kad_post_classname":"","jetpack_post_was_ever_published":false,"_jetpack_newsletter_access":"","_jetpack_dont_email_post_to_subs":false,"_jetpack_newsletter_tier_id":0,"_jetpack_memberships_contains_paywalled_content":false,"_jetpack_memberships_contains_paid_content":false,"footnotes":""},"categories":[59],"tags":[693,7,50,52,341,157,17,472,154,442,187,188,480],"class_list":["post-33850","post","type-post","status-publish","format-standard","hentry","category-health","tag-693","tag-article","tag-asylum-seekers","tag-french-language","tag-geneva","tag-health-care","tag-immigrants","tag-infectious-diseases","tag-interviews","tag-preventive-medicine","tag-psychosomatic-disorders","tag-ptsd","tag-public-health"],"jetpack_featured_media_url":"","jetpack_sharing_enabled":true,"_links":{"self":[{"href":"https:\/\/swissmig.unine.ch\/index.php?rest_route=\/wp\/v2\/posts\/33850","targetHints":{"allow":["GET"]}}],"collection":[{"href":"https:\/\/swissmig.unine.ch\/index.php?rest_route=\/wp\/v2\/posts"}],"about":[{"href":"https:\/\/swissmig.unine.ch\/index.php?rest_route=\/wp\/v2\/types\/post"}],"author":[{"embeddable":true,"href":"https:\/\/swissmig.unine.ch\/index.php?rest_route=\/wp\/v2\/users\/4"}],"replies":[{"embeddable":true,"href":"https:\/\/swissmig.unine.ch\/index.php?rest_route=%2Fwp%2Fv2%2Fcomments&post=33850"}],"version-history":[{"count":0,"href":"https:\/\/swissmig.unine.ch\/index.php?rest_route=\/wp\/v2\/posts\/33850\/revisions"}],"wp:attachment":[{"href":"https:\/\/swissmig.unine.ch\/index.php?rest_route=%2Fwp%2Fv2%2Fmedia&parent=33850"}],"wp:term":[{"taxonomy":"category","embeddable":true,"href":"https:\/\/swissmig.unine.ch\/index.php?rest_route=%2Fwp%2Fv2%2Fcategories&post=33850"},{"taxonomy":"post_tag","embeddable":true,"href":"https:\/\/swissmig.unine.ch\/index.php?rest_route=%2Fwp%2Fv2%2Ftags&post=33850"}],"curies":[{"name":"wp","href":"https:\/\/api.w.org\/{rel}","templated":true}]}}