{"id":3385,"date":"2019-12-23T09:00:03","date_gmt":"2019-12-23T08:00:03","guid":{"rendered":"https:\/\/swissmig.wordpress.com\/?p=3385"},"modified":"2019-12-23T09:00:03","modified_gmt":"2019-12-23T08:00:03","slug":"comment-se-porte-la-population-issue-de-la-migration-en-suisse-analyses-de-la-qualite-de-vie-en-2017-des-personnes-issues-de-la-migration","status":"publish","type":"post","link":"https:\/\/swissmig.unine.ch\/?p=3385","title":{"rendered":"Comment se porte la population issue de la migration en Suisse? Analyses de la qualit\u00e9 de vie en 2017 des personnes issues de la migration"},"content":{"rendered":"<h3>Author(s) : Office f\u00e9d\u00e9ral de la statistique<\/h3>\n<h3>Source : <a href=\"https:\/\/www.bfs.admin.ch\/bfsstatic\/dam\/assets\/10307946\/master\" target=\"_blank\" rel=\"noopener\">https:\/\/www.bfs.admin.ch\/bfsstatic\/dam\/assets\/10307946\/master<\/a><\/h3>\n<p><strong>Abstract: <\/strong><!--more--><\/p>\n<blockquote><p>&#8220;Le pr\u00e9sent rapport examine dans quelle mesure, en Suisse, la qualit\u00e9 de vie de la population issue de la migration se distingue de celle de la population non issue de la migration et d\u2019autres groupes de population: O\u00f9 se situent ces groupes dans les diff\u00e9rents domaines de l\u2019existence? Dans quelle mesure sont-ils satisfaits de leur situation? \u00c0 quels probl\u00e8mes sont-ils confront\u00e9s? Dans quelle mesure sont-ils expos\u00e9s \u00e0 un cumul de probl\u00e8mes? Est-il possible d\u2019identifier des groupes \u00e0 risque sp\u00e9cifiques?&#8221;<\/p><\/blockquote>\n<p>&nbsp;<\/p>\n","protected":false},"excerpt":{"rendered":"<p>Author(s) : Office f\u00e9d\u00e9ral de la statistique Source : https:\/\/www.bfs.admin.ch\/bfsstatic\/dam\/assets\/10307946\/master&#8230;<\/p>\n","protected":false},"author":4,"featured_media":0,"comment_status":"open","ping_status":"open","sticky":false,"template":"","format":"standard","meta":{"_kadence_starter_templates_imported_post":false,"_kad_post_transparent":"","_kad_post_title":"","_kad_post_layout":"","_kad_post_sidebar_id":"","_kad_post_content_style":"","_kad_post_vertical_padding":"","_kad_post_feature":"","_kad_post_feature_position":"","_kad_post_header":false,"_kad_post_footer":false,"_kad_post_classname":"","jetpack_post_was_ever_published":false,"_jetpack_newsletter_access":"","_jetpack_dont_email_post_to_subs":false,"_jetpack_newsletter_tier_id":0,"_jetpack_memberships_contains_paywalled_content":false,"_jetpack_memberships_contains_paid_content":false,"footnotes":""},"categories":[277],"tags":[582,57,92,52,17,19,236,388,104,110,249,439,279,143],"class_list":["post-3385","post","type-post","status-publish","format-standard","hentry","category-demography-statistics","tag-582","tag-comparative-analysis","tag-country-of-origin","tag-french-language","tag-immigrants","tag-labour-market","tag-language-barriers","tag-livelihoods","tag-living-conditions","tag-mobility","tag-report","tag-risk-behaviour","tag-socioeconomic-factors","tag-statistical-data"],"jetpack_featured_media_url":"","jetpack_sharing_enabled":true,"_links":{"self":[{"href":"https:\/\/swissmig.unine.ch\/index.php?rest_route=\/wp\/v2\/posts\/3385","targetHints":{"allow":["GET"]}}],"collection":[{"href":"https:\/\/swissmig.unine.ch\/index.php?rest_route=\/wp\/v2\/posts"}],"about":[{"href":"https:\/\/swissmig.unine.ch\/index.php?rest_route=\/wp\/v2\/types\/post"}],"author":[{"embeddable":true,"href":"https:\/\/swissmig.unine.ch\/index.php?rest_route=\/wp\/v2\/users\/4"}],"replies":[{"embeddable":true,"href":"https:\/\/swissmig.unine.ch\/index.php?rest_route=%2Fwp%2Fv2%2Fcomments&post=3385"}],"version-history":[{"count":0,"href":"https:\/\/swissmig.unine.ch\/index.php?rest_route=\/wp\/v2\/posts\/3385\/revisions"}],"wp:attachment":[{"href":"https:\/\/swissmig.unine.ch\/index.php?rest_route=%2Fwp%2Fv2%2Fmedia&parent=3385"}],"wp:term":[{"taxonomy":"category","embeddable":true,"href":"https:\/\/swissmig.unine.ch\/index.php?rest_route=%2Fwp%2Fv2%2Fcategories&post=3385"},{"taxonomy":"post_tag","embeddable":true,"href":"https:\/\/swissmig.unine.ch\/index.php?rest_route=%2Fwp%2Fv2%2Ftags&post=3385"}],"curies":[{"name":"wp","href":"https:\/\/api.w.org\/{rel}","templated":true}]}}