{"id":33834,"date":"2021-08-16T08:00:00","date_gmt":"2021-08-16T07:00:00","guid":{"rendered":"https:\/\/swissmig.wordpress.com\/?p=33834"},"modified":"2021-08-16T08:00:00","modified_gmt":"2021-08-16T07:00:00","slug":"young-refugees-and-asylum-seekers-career-choices-a-qualitative-investigation-2","status":"publish","type":"post","link":"https:\/\/swissmig.unine.ch\/?p=33834","title":{"rendered":"Young refugees\u2019 and asylum seekers\u2019 career choices: a qualitative investigation"},"content":{"rendered":"<h3>Author(s) : Laurence Fedrigo, Shagini Udayar, Cecilia Toscanelli, Eva Clot-Siegrist, Federico Durante, Jonas Masdonati<\/h3>\n<h3>Source : <a href=\"https:\/\/doi.org\/10.1007\/s10775-021-09460-9\" target=\"_blank\" rel=\"noopener\">https:\/\/doi.org\/10.1007\/s10775-021-09460-9<\/a><\/h3>\n<p><!--more--><\/p>\n<blockquote>\n<div class=\"hlFld-Abstract\">\n<div class=\"abstractSection abstractInFull\">&#8220;A major challenge for refugees and asylum seekers is social and professional integration. Using constructivist and capability approaches, we conducted semi-structured interviews with 14 young refugees and asylum seekers enrolled in an integration program in French-speaking Switzerland about their career choices. Following consensual qualitative and phenomenological approaches, we focused on their life trajectories (the situation in their home country, triggers behind their flight, arrival in Switzerland) and their current situation (resources and barriers). From their career plans, interests, and values, we formed three profiles (the vocation seekers, the altruists, and the work lovers) to characterize how they constructed their careers.&#8221;<\/div>\n<div>\u00a0<\/div>\n<div>&#8220;L&#8217;int\u00e9gration sociale et professionnelle est un d\u00e9fi majeur pour les r\u00e9fugi\u00e9\u00b7e\u00b7s et les requ\u00e9rant\u00b7e\u00b7s d&#8217;asile. En utilisant les approches constructiviste et des capabilit\u00e9s, nous avons men\u00e9 des entretiens semi-structur\u00e9s sur les choix professionnels de 14 jeunes r\u00e9fugi\u00e9\u00b7e\u00b7s et requ\u00e9rant\u00b7e\u00b7s d&#8217;asile faisant partie d\u2019un programme d&#8217;int\u00e9gration en Suisse romande. S\u2019appuyant sur les approches de recherche qualitative consensuelle et ph\u00e9nom\u00e9nologique, nous avons investigu\u00e9 leurs trajectoires de vie (situation dans leur pays d&#8217;origine, \u00e9l\u00e9ments d\u00e9clencheurs de la fuite, arriv\u00e9e en Suisse) et leur situation actuelle (ressources et barri\u00e8res). \u00c0 partir de leurs projets professionnels, de leurs int\u00e9r\u00eats et de leurs valeurs, nous avons \u00e9tabli trois profils (les passionn\u00e9s, les altruistes et les amoureux du travail) pour caract\u00e9riser la fa\u00e7on dont ils construisent leur carri\u00e8re.&#8221;<\/div>\n<div>\u00a0<\/div>\n<div>&#8220;Eine gro\u00dfe Herausforderung f\u00fcr Fl\u00fcchtlinge und Asylbewerberinnen und Asylbewerber ist die soziale und berufliche Integration. Unter Verwendung des konstruktivistischen Ansatzes und des Bef\u00e4higungsansatzes f\u00fchrten wir halbstrukturierte Interviews mit 14 jungen Fl\u00fcchtlingen und Asylsuchenden, die an einem beruflichen Integrationsprogramm in der franz\u00f6sischsprachigen Schweiz teilnahmen. Nach konsensualen und ph\u00e4nomenologischen qualitativen Ans\u00e4tzen fokussierten wir auf ihre Lebenswege (Situation im Heimatland, Ausl\u00f6ser der Flucht, Ankunft in der Schweiz) und ihre aktuelle Situation (Ressourcen und Barrieren). Aus ihren Laufbahnpl\u00e4nen, Interessen und Werten bildeten wir drei Profile (die Berufssuchenden, die Altruisten und die Arbeitsliebenden), um zu charakterisieren, wie sie ihre Laufbahn konstruieren.&#8221;<\/div>\n<\/div>\n<\/blockquote>\n\n\n<p><\/p>\n","protected":false},"excerpt":{"rendered":"<p>Author(s) : Laurence Fedrigo, Shagini Udayar, Cecilia Toscanelli, Eva Clot-Siegrist,&#8230;<\/p>\n","protected":false},"author":4,"featured_media":0,"comment_status":"open","ping_status":"open","sticky":false,"template":"","format":"standard","meta":{"_kadence_starter_templates_imported_post":false,"_kad_post_transparent":"","_kad_post_title":"","_kad_post_layout":"","_kad_post_sidebar_id":"","_kad_post_content_style":"","_kad_post_vertical_padding":"","_kad_post_feature":"","_kad_post_feature_position":"","_kad_post_header":false,"_kad_post_footer":false,"_kad_post_classname":"","jetpack_post_was_ever_published":false,"_jetpack_newsletter_access":"","_jetpack_dont_email_post_to_subs":false,"_jetpack_newsletter_tier_id":0,"_jetpack_memberships_contains_paywalled_content":false,"_jetpack_memberships_contains_paid_content":false,"footnotes":""},"categories":[16],"tags":[693,7,50,151,310,176,9,160,154,19,200,103,91,371,118],"class_list":["post-33834","post","type-post","status-publish","format-standard","hentry","category-economics","tag-693","tag-article","tag-asylum-seekers","tag-cultural-identity","tag-decision-making","tag-economic-integration","tag-english-language","tag-integration-programmes","tag-interviews","tag-labour-market","tag-qualitative-approach","tag-refugees","tag-social-integration","tag-vocational-training","tag-youth"],"jetpack_featured_media_url":"","jetpack_sharing_enabled":true,"_links":{"self":[{"href":"https:\/\/swissmig.unine.ch\/index.php?rest_route=\/wp\/v2\/posts\/33834","targetHints":{"allow":["GET"]}}],"collection":[{"href":"https:\/\/swissmig.unine.ch\/index.php?rest_route=\/wp\/v2\/posts"}],"about":[{"href":"https:\/\/swissmig.unine.ch\/index.php?rest_route=\/wp\/v2\/types\/post"}],"author":[{"embeddable":true,"href":"https:\/\/swissmig.unine.ch\/index.php?rest_route=\/wp\/v2\/users\/4"}],"replies":[{"embeddable":true,"href":"https:\/\/swissmig.unine.ch\/index.php?rest_route=%2Fwp%2Fv2%2Fcomments&post=33834"}],"version-history":[{"count":0,"href":"https:\/\/swissmig.unine.ch\/index.php?rest_route=\/wp\/v2\/posts\/33834\/revisions"}],"wp:attachment":[{"href":"https:\/\/swissmig.unine.ch\/index.php?rest_route=%2Fwp%2Fv2%2Fmedia&parent=33834"}],"wp:term":[{"taxonomy":"category","embeddable":true,"href":"https:\/\/swissmig.unine.ch\/index.php?rest_route=%2Fwp%2Fv2%2Fcategories&post=33834"},{"taxonomy":"post_tag","embeddable":true,"href":"https:\/\/swissmig.unine.ch\/index.php?rest_route=%2Fwp%2Fv2%2Ftags&post=33834"}],"curies":[{"name":"wp","href":"https:\/\/api.w.org\/{rel}","templated":true}]}}