{"id":33823,"date":"2021-08-09T08:00:00","date_gmt":"2021-08-09T07:00:00","guid":{"rendered":"https:\/\/swissmig.wordpress.com\/?p=33823"},"modified":"2021-08-09T08:00:00","modified_gmt":"2021-08-09T07:00:00","slug":"requerants-dasile-mineurs-non-accompagnes-a-geneve-et-covid-19-le-travail-des-associations-reliance-amic-et-appartenances-geneve","status":"publish","type":"post","link":"https:\/\/swissmig.unine.ch\/?p=33823","title":{"rendered":"Requ\u00e9rants d\u2019asile mineurs non accompagn\u00e9s \u00e0 Gen\u00e8ve et Covid-19. Le travail des associations Reliance, AMIC et Appartenances Gen\u00e8ve"},"content":{"rendered":"<h3>Author(s) : Orph\u00e9e Mouthuy<\/h3>\n<h3>Source : <a href=\"https:\/\/archive-ouverte.unige.ch\/unige:152080\" target=\"_blank\" rel=\"noopener\">https:\/\/archive-ouverte.unige.ch\/unige:152080<\/a><\/h3>\n<p><!--more--><\/p>\n<blockquote>\n<div class=\"hlFld-Abstract\">\n<div class=\"abstractSection abstractInFull\">&#8220;D\u00e8s f\u00e9vrier 2020, la pand\u00e9mie de Covid-19 a impos\u00e9 un nouvel ordre mondial. Confinement, distanciation sociale et gestes barri\u00e8res sont devenus en peu de temps un vocabulaire quotidien et une r\u00e9alit\u00e9 aux cons\u00e9quences vari\u00e9es parmi les groupes de la population, touchant particuli\u00e8rement les groupes marginalis\u00e9s. On retrouve parmi eux les requ\u00e9rants d\u2019asile mineurs non accompagn\u00e9s, vuln\u00e9rables du fait de leur \u00e2ge et de leur isolement. \u00c0 Gen\u00e8ve, ces jeunes sont habituellement accompagn\u00e9s par les institutions de l\u2019\u00c9tat et par diverses associations. Or, avec l\u2019instauration des mesures de lutte contre la pand\u00e9mie, les associations ont d\u00fb repenser leurs fonctionnements. Comment ont-elles assur\u00e9 le suivi des jeunes ? Ont-elles observ\u00e9 de nouveaux besoins chez les jeunes ? Dans quelle mesure leur action a-t-elle \u00e9t\u00e9 affect\u00e9e par cette ann\u00e9e 2020 ? Ce travail tentera de r\u00e9pondre \u00e0 ces questions \u00e0 partir des t\u00e9moignages de membres des associations Reliance, AMIC et Appartenances Gen\u00e8ve.&#8221;<\/div>\n<div>\u00a0<\/div>\n<div><strong><strong>Mots-cl\u00e9s : <\/strong><\/strong>RMNA \u2014 Requ\u00e9rants d\u2019asile mineurs non accompagn\u00e9s \u2014 Covid-19 \u2014 Gen\u00e8ve \u2014 Associations \u2014 Reliance \u2014 AMIC \u2014 Appartenances Gen\u00e8ve<strong><strong><br \/><\/strong><\/strong><\/div>\n<div>\u00a0<\/div>\n<\/div>\n<\/blockquote>\n\n\n<p><\/p>\n","protected":false},"excerpt":{"rendered":"<p>Author(s) : Orph\u00e9e Mouthuy Source : https:\/\/archive-ouverte.unige.ch\/unige:152080<\/p>\n","protected":false},"author":4,"featured_media":0,"comment_status":"open","ping_status":"open","sticky":false,"template":"","format":"standard","meta":{"_kadence_starter_templates_imported_post":false,"_kad_post_transparent":"","_kad_post_title":"","_kad_post_layout":"","_kad_post_sidebar_id":"","_kad_post_content_style":"","_kad_post_vertical_padding":"","_kad_post_feature":"","_kad_post_feature_position":"","_kad_post_header":false,"_kad_post_footer":false,"_kad_post_classname":"","jetpack_post_was_ever_published":false,"_jetpack_newsletter_access":"","_jetpack_dont_email_post_to_subs":false,"_jetpack_newsletter_tier_id":0,"_jetpack_memberships_contains_paywalled_content":false,"_jetpack_memberships_contains_paid_content":false,"footnotes":""},"categories":[24],"tags":[693,119,111,696,52,341,319,340,312,347,64,144,118],"class_list":["post-33823","post","type-post","status-publish","format-standard","hentry","category-society-family-racism","tag-693","tag-associations","tag-asylum-applications","tag-covid-19","tag-french-language","tag-geneva","tag-master-thesis","tag-social-support","tag-social-work","tag-testimonies","tag-unaccompanied-minors","tag-vulnerability","tag-youth"],"jetpack_featured_media_url":"","jetpack_sharing_enabled":true,"_links":{"self":[{"href":"https:\/\/swissmig.unine.ch\/index.php?rest_route=\/wp\/v2\/posts\/33823","targetHints":{"allow":["GET"]}}],"collection":[{"href":"https:\/\/swissmig.unine.ch\/index.php?rest_route=\/wp\/v2\/posts"}],"about":[{"href":"https:\/\/swissmig.unine.ch\/index.php?rest_route=\/wp\/v2\/types\/post"}],"author":[{"embeddable":true,"href":"https:\/\/swissmig.unine.ch\/index.php?rest_route=\/wp\/v2\/users\/4"}],"replies":[{"embeddable":true,"href":"https:\/\/swissmig.unine.ch\/index.php?rest_route=%2Fwp%2Fv2%2Fcomments&post=33823"}],"version-history":[{"count":0,"href":"https:\/\/swissmig.unine.ch\/index.php?rest_route=\/wp\/v2\/posts\/33823\/revisions"}],"wp:attachment":[{"href":"https:\/\/swissmig.unine.ch\/index.php?rest_route=%2Fwp%2Fv2%2Fmedia&parent=33823"}],"wp:term":[{"taxonomy":"category","embeddable":true,"href":"https:\/\/swissmig.unine.ch\/index.php?rest_route=%2Fwp%2Fv2%2Fcategories&post=33823"},{"taxonomy":"post_tag","embeddable":true,"href":"https:\/\/swissmig.unine.ch\/index.php?rest_route=%2Fwp%2Fv2%2Ftags&post=33823"}],"curies":[{"name":"wp","href":"https:\/\/api.w.org\/{rel}","templated":true}]}}