{"id":3381,"date":"2019-12-23T09:00:24","date_gmt":"2019-12-23T08:00:24","guid":{"rendered":"https:\/\/swissmig.wordpress.com\/?p=3381"},"modified":"2019-12-23T09:00:24","modified_gmt":"2019-12-23T08:00:24","slug":"wie-geht-es-den-personen-mit-migrationshintergrund-in-der-schweiz-analysen-zur-lebensqualitat-der-bevolkerung-mit-migrationshintergrund-2017","status":"publish","type":"post","link":"https:\/\/swissmig.unine.ch\/?p=3381","title":{"rendered":"Wie geht es den Personen mit Migrationshintergrund in der Schweiz? Analysen zur Lebensqualit\u00e4t der Bev\u00f6lkerung mit Migrationshintergrund 2017"},"content":{"rendered":"<h3>Author(s) : Bundesamt f\u00fcr Statistik<\/h3>\n<h3>Source : <a href=\"https:\/\/www.bfs.admin.ch\/bfsstatic\/dam\/assets\/10307945\/master\" target=\"_blank\" rel=\"noopener\">https:\/\/www.bfs.admin.ch\/bfsstatic\/dam\/assets\/10307945\/master<\/a><\/h3>\n<p><strong>Abstract: <\/strong><!--more--><\/p>\n<blockquote><p>&#8220;Der vorliegende Bericht untersucht, inwiefern sich die Lebensqualit\u00e4t der Bev\u00f6lkerung mit Migrationshintergrund in der Schweiz von jener der Bev\u00f6lkerung ohne Migrationshintergrund sowie weiterer ausgew\u00e4hlter Bev\u00f6lkerungsgruppen unterscheidet: Wo stehen diese Gruppen in den verschiedenen Lebensbereichen? Wie zufrieden sind sie mit ihrer Situation? Mit welchen Problemen haben sie zu k\u00e4mpfen? Wie hoch ist das Risiko der Kumulation von Problemlagen? Sind spezifische Risikogruppen identifizierbar?&#8221;<\/p><\/blockquote>\n<p>&nbsp;<\/p>\n","protected":false},"excerpt":{"rendered":"<p>Author(s) : Bundesamt f\u00fcr Statistik Source : https:\/\/www.bfs.admin.ch\/bfsstatic\/dam\/assets\/10307945\/master Abstract:<\/p>\n","protected":false},"author":4,"featured_media":0,"comment_status":"open","ping_status":"open","sticky":false,"template":"","format":"standard","meta":{"_kadence_starter_templates_imported_post":false,"_kad_post_transparent":"","_kad_post_title":"","_kad_post_layout":"","_kad_post_sidebar_id":"","_kad_post_content_style":"","_kad_post_vertical_padding":"","_kad_post_feature":"","_kad_post_feature_position":"","_kad_post_header":false,"_kad_post_footer":false,"_kad_post_classname":"","jetpack_post_was_ever_published":false,"_jetpack_newsletter_access":"","_jetpack_dont_email_post_to_subs":false,"_jetpack_newsletter_tier_id":0,"_jetpack_memberships_contains_paywalled_content":false,"_jetpack_memberships_contains_paid_content":false,"footnotes":""},"categories":[277],"tags":[582,57,92,73,17,19,236,388,104,110,249,439,279,143],"class_list":["post-3381","post","type-post","status-publish","format-standard","hentry","category-demography-statistics","tag-582","tag-comparative-analysis","tag-country-of-origin","tag-german-language","tag-immigrants","tag-labour-market","tag-language-barriers","tag-livelihoods","tag-living-conditions","tag-mobility","tag-report","tag-risk-behaviour","tag-socioeconomic-factors","tag-statistical-data"],"jetpack_featured_media_url":"","jetpack_sharing_enabled":true,"_links":{"self":[{"href":"https:\/\/swissmig.unine.ch\/index.php?rest_route=\/wp\/v2\/posts\/3381","targetHints":{"allow":["GET"]}}],"collection":[{"href":"https:\/\/swissmig.unine.ch\/index.php?rest_route=\/wp\/v2\/posts"}],"about":[{"href":"https:\/\/swissmig.unine.ch\/index.php?rest_route=\/wp\/v2\/types\/post"}],"author":[{"embeddable":true,"href":"https:\/\/swissmig.unine.ch\/index.php?rest_route=\/wp\/v2\/users\/4"}],"replies":[{"embeddable":true,"href":"https:\/\/swissmig.unine.ch\/index.php?rest_route=%2Fwp%2Fv2%2Fcomments&post=3381"}],"version-history":[{"count":0,"href":"https:\/\/swissmig.unine.ch\/index.php?rest_route=\/wp\/v2\/posts\/3381\/revisions"}],"wp:attachment":[{"href":"https:\/\/swissmig.unine.ch\/index.php?rest_route=%2Fwp%2Fv2%2Fmedia&parent=3381"}],"wp:term":[{"taxonomy":"category","embeddable":true,"href":"https:\/\/swissmig.unine.ch\/index.php?rest_route=%2Fwp%2Fv2%2Fcategories&post=3381"},{"taxonomy":"post_tag","embeddable":true,"href":"https:\/\/swissmig.unine.ch\/index.php?rest_route=%2Fwp%2Fv2%2Ftags&post=3381"}],"curies":[{"name":"wp","href":"https:\/\/api.w.org\/{rel}","templated":true}]}}