{"id":33797,"date":"2021-07-26T08:00:00","date_gmt":"2021-07-26T07:00:00","guid":{"rendered":"https:\/\/swissmig.wordpress.com\/?p=33797"},"modified":"2021-07-26T08:00:00","modified_gmt":"2021-07-26T07:00:00","slug":"de-lespagne-vers-la-suisse-exploration-du-parcours-de-vie-daines-espagnols-vivant-a-geneve","status":"publish","type":"post","link":"https:\/\/swissmig.unine.ch\/?p=33797","title":{"rendered":"De l&#8217;Espagne vers la Suisse: exploration du parcours de vie d&#8217;a\u00een\u00e9s espagnols vivant \u00e0 Gen\u00e8ve"},"content":{"rendered":"<h3>Author(s) : Siboney Minko<\/h3>\n<h3>Source : <strong><a href=\"https:\/\/archive-ouverte.unige.ch\/unige:152044\" target=\"_blank\" rel=\"noopener\">https:\/\/archive-ouverte.unige.ch\/unige:152044<\/a><\/strong><\/h3>\n<p><!--more--><\/p>\n<blockquote>\n<div class=\"hlFld-Abstract\">\n<div class=\"abstractSection abstractInFull\">&#8220;Cette th\u00e8se se penche sur trois transitions identitaires v\u00e9cues par les personnes issues de l\u2019immigration espagnole et r\u00e9sidantes \u00e0 Gen\u00e8ve. Se pla\u00e7ant \u00e0 la jonction de plusieurs champs de recherche aussi vari\u00e9s que la migration, le parcours de vie ou encore la g\u00e9rontologie, elle s\u2019att\u00e8le \u00e0 explorer les dimensions ayant particip\u00e9 \u00e0 la construction des identit\u00e9s des individus, leurs positions sociales et leurs transformations, ceci dans des contextes socio-historiques d\u00e9termin\u00e9s. Ainsi, trois p\u00e9riodes sp\u00e9cifiques sont \u00e9tudi\u00e9es : la p\u00e9riode de la jeunesse en Espagne, la migration vers la Suisse et la vieillesse faisant suite au passage \u00e0 la retraite.&#8221;<\/div>\n<div>\u00a0<\/div>\n<div><strong>Mots-cl\u00e9s<\/strong> : Migration \u2014 Parcours de vie \u2014 G\u00e9rontologie \u2014 Travailleurs migrants \u00e2g\u00e9s \u2014 Espagne \u2014 Espagnols \u2014 Transitions \u2014 Identit\u00e9<\/div>\n<\/div>\n<\/blockquote>\n\n\n<p><\/p>\n","protected":false},"excerpt":{"rendered":"<p>Author(s) : Siboney Minko Source : https:\/\/archive-ouverte.unige.ch\/unige:152044<\/p>\n","protected":false},"author":4,"featured_media":0,"comment_status":"open","ping_status":"open","sticky":false,"template":"","format":"standard","meta":{"_kadence_starter_templates_imported_post":false,"_kad_post_transparent":"","_kad_post_title":"","_kad_post_layout":"","_kad_post_sidebar_id":"","_kad_post_content_style":"","_kad_post_vertical_padding":"","_kad_post_feature":"","_kad_post_feature_position":"","_kad_post_header":false,"_kad_post_footer":false,"_kad_post_classname":"","jetpack_post_was_ever_published":false,"_jetpack_newsletter_access":"","_jetpack_dont_email_post_to_subs":false,"_jetpack_newsletter_tier_id":0,"_jetpack_memberships_contains_paywalled_content":false,"_jetpack_memberships_contains_paid_content":false,"footnotes":""},"categories":[43],"tags":[693,92,151,136,589,142,52,341,87,104,122,138,348,91,349,26,384],"class_list":["post-33797","post","type-post","status-publish","format-standard","hentry","category-the-migration-phenomenon","tag-693","tag-country-of-origin","tag-cultural-identity","tag-diasporas","tag-doctoral-thesis","tag-elderly","tag-french-language","tag-geneva","tag-history","tag-living-conditions","tag-migrants","tag-migration-motives","tag-retirement","tag-social-integration","tag-spaniards","tag-transnationalism","tag-workers"],"jetpack_featured_media_url":"","jetpack_sharing_enabled":true,"_links":{"self":[{"href":"https:\/\/swissmig.unine.ch\/index.php?rest_route=\/wp\/v2\/posts\/33797","targetHints":{"allow":["GET"]}}],"collection":[{"href":"https:\/\/swissmig.unine.ch\/index.php?rest_route=\/wp\/v2\/posts"}],"about":[{"href":"https:\/\/swissmig.unine.ch\/index.php?rest_route=\/wp\/v2\/types\/post"}],"author":[{"embeddable":true,"href":"https:\/\/swissmig.unine.ch\/index.php?rest_route=\/wp\/v2\/users\/4"}],"replies":[{"embeddable":true,"href":"https:\/\/swissmig.unine.ch\/index.php?rest_route=%2Fwp%2Fv2%2Fcomments&post=33797"}],"version-history":[{"count":0,"href":"https:\/\/swissmig.unine.ch\/index.php?rest_route=\/wp\/v2\/posts\/33797\/revisions"}],"wp:attachment":[{"href":"https:\/\/swissmig.unine.ch\/index.php?rest_route=%2Fwp%2Fv2%2Fmedia&parent=33797"}],"wp:term":[{"taxonomy":"category","embeddable":true,"href":"https:\/\/swissmig.unine.ch\/index.php?rest_route=%2Fwp%2Fv2%2Fcategories&post=33797"},{"taxonomy":"post_tag","embeddable":true,"href":"https:\/\/swissmig.unine.ch\/index.php?rest_route=%2Fwp%2Fv2%2Ftags&post=33797"}],"curies":[{"name":"wp","href":"https:\/\/api.w.org\/{rel}","templated":true}]}}