{"id":33793,"date":"2021-07-19T08:00:00","date_gmt":"2021-07-19T07:00:00","guid":{"rendered":"https:\/\/swissmig.wordpress.com\/?p=33793"},"modified":"2021-07-19T08:00:00","modified_gmt":"2021-07-19T07:00:00","slug":"le-droit-de-la-migration-et-ses-intermediaires-usages-sociopolitiques-du-droit-et-production-des-politiques-migratoires-presentation-du-dossier","status":"publish","type":"post","link":"https:\/\/swissmig.unine.ch\/?p=33793","title":{"rendered":"Le droit de la migration et ses interm\u00e9diaires : usages sociopolitiques du droit et production des politiques migratoires. Pr\u00e9sentation du dossier"},"content":{"rendered":"<h3>Author(s) : Jonathan Miaz, Laura Odasso, Romane Sabri\u00e9<\/h3>\n<h3>Source : <strong><a href=\"https:\/\/doi.org\/10.3917\/drs1.107.0007\" target=\"_blank\" rel=\"noopener\">https:\/\/doi.org\/10.3917\/drs1.107.0007<\/a><\/strong><\/h3>\n<p><!--more--><\/p>\n<blockquote>\n<div class=\"hlFld-Abstract\">\n<div class=\"abstractSection abstractInFull\">&#8220;<span class=\"lettrine\">E<\/span>n prenant pour objet le droit de la migration et ses interm\u00e9diaires, ce dossier \u00e9claire comment les usages du droit d\u2019un \u00e9ventail h\u00e9t\u00e9rog\u00e8ne d\u2019acteurs \u2013 administrations, tribunaux, associations, avocat\u00b7e\u00b7s, militant\u00b7e\u00b7s \u2013 mettent en \u0153uvre ou contestent les politiques migratoires, mais aussi comment les interactions entre leurs diff\u00e9rentes pratiques produisent du droit au concret. Ainsi, ce dossier s\u2019inscrit dans la continuit\u00e9 des travaux qui, souvent dans une perspective ethnographique, ont port\u00e9 sur les politiques migratoires \u00e0 partir des pratiques de diff\u00e9rent\u00b7e\u00b7s agent\u00b7e\u00b7s de terrain\u202fau sein des administrations, des tribunaux ou des associations, t\u00e9moignant de la dimension relationnelle de leur mise en \u0153uvre\u202f.&#8221;<\/div>\n<\/div>\n<\/blockquote>\n\n\n<p><\/p>\n","protected":false},"excerpt":{"rendered":"<p>Author(s) : Jonathan Miaz, Laura Odasso, Romane Sabri\u00e9 Source :&#8230;<\/p>\n","protected":false},"author":4,"featured_media":0,"comment_status":"open","ping_status":"open","sticky":false,"template":"","format":"standard","meta":{"_kadence_starter_templates_imported_post":false,"_kad_post_transparent":"","_kad_post_title":"","_kad_post_layout":"","_kad_post_sidebar_id":"","_kad_post_content_style":"","_kad_post_vertical_padding":"","_kad_post_feature":"","_kad_post_feature_position":"","_kad_post_header":false,"_kad_post_footer":false,"_kad_post_classname":"","jetpack_post_was_ever_published":false,"_jetpack_newsletter_access":"","_jetpack_dont_email_post_to_subs":false,"_jetpack_newsletter_tier_id":0,"_jetpack_memberships_contains_paywalled_content":false,"_jetpack_memberships_contains_paid_content":false,"footnotes":""},"categories":[53],"tags":[693,7,119,111,112,575,269,197,52,226,133,563,94,113,621],"class_list":["post-33793","post","type-post","status-publish","format-standard","hentry","category-law","tag-693","tag-article","tag-associations","tag-asylum-applications","tag-asylum-procedure","tag-civil-society","tag-detention","tag-france","tag-french-language","tag-germany","tag-immigrant-policy","tag-immigration-law","tag-political-system","tag-public-administration","tag-street-level-bureaucracy"],"jetpack_featured_media_url":"","jetpack_sharing_enabled":true,"_links":{"self":[{"href":"https:\/\/swissmig.unine.ch\/index.php?rest_route=\/wp\/v2\/posts\/33793","targetHints":{"allow":["GET"]}}],"collection":[{"href":"https:\/\/swissmig.unine.ch\/index.php?rest_route=\/wp\/v2\/posts"}],"about":[{"href":"https:\/\/swissmig.unine.ch\/index.php?rest_route=\/wp\/v2\/types\/post"}],"author":[{"embeddable":true,"href":"https:\/\/swissmig.unine.ch\/index.php?rest_route=\/wp\/v2\/users\/4"}],"replies":[{"embeddable":true,"href":"https:\/\/swissmig.unine.ch\/index.php?rest_route=%2Fwp%2Fv2%2Fcomments&post=33793"}],"version-history":[{"count":0,"href":"https:\/\/swissmig.unine.ch\/index.php?rest_route=\/wp\/v2\/posts\/33793\/revisions"}],"wp:attachment":[{"href":"https:\/\/swissmig.unine.ch\/index.php?rest_route=%2Fwp%2Fv2%2Fmedia&parent=33793"}],"wp:term":[{"taxonomy":"category","embeddable":true,"href":"https:\/\/swissmig.unine.ch\/index.php?rest_route=%2Fwp%2Fv2%2Fcategories&post=33793"},{"taxonomy":"post_tag","embeddable":true,"href":"https:\/\/swissmig.unine.ch\/index.php?rest_route=%2Fwp%2Fv2%2Ftags&post=33793"}],"curies":[{"name":"wp","href":"https:\/\/api.w.org\/{rel}","templated":true}]}}