{"id":33755,"date":"2021-07-12T08:00:00","date_gmt":"2021-07-12T07:00:00","guid":{"rendered":"https:\/\/swissmig.wordpress.com\/?p=33755"},"modified":"2021-07-12T08:00:00","modified_gmt":"2021-07-12T07:00:00","slug":"les-familles-issues-de-la-migration-dans-les-audiences-de-protection-de-lenfant-en-suisse-entre-universalisme-et-psychologisation","status":"publish","type":"post","link":"https:\/\/swissmig.unine.ch\/?p=33755","title":{"rendered":"Les familles issues de la migration dans les audiences de protection de l&#8217;enfant en Suisse : entre universalisme et psychologisation"},"content":{"rendered":"<h3>Author(s) : Aude Saugy, Ga\u00eblle Aeby<\/h3>\n<h3>Source : <a href=\"https:\/\/bop.unibe.ch\/Tsantsa\/article\/view\/6993\/10862\" target=\"_blank\" rel=\"noopener\">https:\/\/bop.unibe.ch\/Tsantsa\/article\/view\/6993\/10862<\/a><\/h3>\n<p><!--more--><\/p>\n<blockquote>\n<div class=\"hlFld-Abstract\">\n<div class=\"abstractSection abstractInFull\">&#8220;La rencontre entre le droit et la diversit\u00e9 socioculturelle, qui est de plus en plus pr\u00e9sente dans nos soci\u00e9t\u00e9s mondialis\u00e9es, entra\u00eene r\u00e9guli\u00e8rement des d\u00e9bats publics et une remise en question des pratiques judiciaires. Cependant, malgr\u00e9 le nombre important de recherches autour du droit des personnes issues de la migration, la gestion de cette diversit\u00e9 socioculturelle dans les proc\u00e9dures en protection de l\u2019enfant en Suisse reste une probl\u00e9matique tr\u00e8s peu conceptualis\u00e9e. Ainsi, au travers d\u2019une analyse de huit observations d\u2019audiences men\u00e9es dans deux Autorit\u00e9s de Protection de l\u2019Enfant et de l\u2019Adulte (APEA) en Suisse romande, nous mettons en avant le fait qu\u2019il existe une certaine difficult\u00e9 \u00e0 int\u00e9grer les diff\u00e9rences socioculturelles dans les \u00e9changes entre professionnel\u00b7le\u00b7s et familles issues de la migration. Cela est notamment d\u00fb \u00e0 une forte psychologisation des comportements des familles et \u00e0 l\u2019adoption d\u2019une approche universaliste de la culture par les membres des APEA.&#8221;<\/div>\n<div>\u00a0<\/div>\n<div>\n<div><strong>Mots cl\u00e9s<\/strong> : familles issues de la migration, diff\u00e9rence socioculturelle, protection de l\u2019enfant,<\/div>\n<div>audiences judiciaires<\/div>\n<div>\u00a0<\/div>\n<div>&#8220;The encounter between law and socio-cultural diversity, which is increasingly present in our globalised societies, regularly leads to public debates and questioning of judicial practices. However, despite the significant amount of research on the rights of migrant people, the management of this socio-cultural diversity in child protection proceedings in Switzerland remains an issue that is hardly conceptualised. Thus, based on an analysis of eight hearing observations carried out in two Child and Adult Protection Authorities (CAPA) in French-speaking Switzerland, we highlight that there is a certain difficulty in integrating socio-cultural differences in the exchanges between professionals and migrant families. This is in particular due to a strong psychologisation of families\u2019 behaviour and the adoption of a universalist approach to culture by the CAPA\u2019s members.&#8221;<\/div>\n<div>\u00a0<\/div>\n<div>\n<div><strong>Keywords<\/strong>: migrant families, sociocultural difference, child protection, hearings<\/div>\n<\/div>\n<\/div>\n<\/div>\n<\/blockquote>\n\n\n<p><\/p>\n","protected":false},"excerpt":{"rendered":"<p>Author(s) : Aude Saugy, Ga\u00eblle Aeby Source : https:\/\/bop.unibe.ch\/Tsantsa\/article\/view\/6993\/10862<\/p>\n","protected":false},"author":4,"featured_media":0,"comment_status":"open","ping_status":"open","sticky":false,"template":"","format":"standard","meta":{"_kadence_starter_templates_imported_post":false,"_kad_post_transparent":"","_kad_post_title":"","_kad_post_layout":"","_kad_post_sidebar_id":"","_kad_post_content_style":"","_kad_post_vertical_padding":"","_kad_post_feature":"","_kad_post_feature_position":"","_kad_post_header":false,"_kad_post_footer":false,"_kad_post_classname":"","jetpack_post_was_ever_published":false,"_jetpack_newsletter_access":"","_jetpack_dont_email_post_to_subs":false,"_jetpack_newsletter_tier_id":0,"_jetpack_memberships_contains_paywalled_content":false,"_jetpack_memberships_contains_paid_content":false,"footnotes":""},"categories":[53],"tags":[693,7,202,318,173,409,79,421,259,21,52,280,154,702,122,42],"class_list":["post-33755","post","type-post","status-publish","format-standard","hentry","category-law","tag-693","tag-article","tag-behavior","tag-children","tag-cross-cultural-communication","tag-cultural-diversity","tag-equal-opportunities","tag-ethnic-diversity","tag-ethnicity","tag-family","tag-french-language","tag-immigration-background","tag-interviews","tag-judicialization","tag-migrants","tag-social-psychology"],"jetpack_featured_media_url":"","jetpack_sharing_enabled":true,"_links":{"self":[{"href":"https:\/\/swissmig.unine.ch\/index.php?rest_route=\/wp\/v2\/posts\/33755","targetHints":{"allow":["GET"]}}],"collection":[{"href":"https:\/\/swissmig.unine.ch\/index.php?rest_route=\/wp\/v2\/posts"}],"about":[{"href":"https:\/\/swissmig.unine.ch\/index.php?rest_route=\/wp\/v2\/types\/post"}],"author":[{"embeddable":true,"href":"https:\/\/swissmig.unine.ch\/index.php?rest_route=\/wp\/v2\/users\/4"}],"replies":[{"embeddable":true,"href":"https:\/\/swissmig.unine.ch\/index.php?rest_route=%2Fwp%2Fv2%2Fcomments&post=33755"}],"version-history":[{"count":0,"href":"https:\/\/swissmig.unine.ch\/index.php?rest_route=\/wp\/v2\/posts\/33755\/revisions"}],"wp:attachment":[{"href":"https:\/\/swissmig.unine.ch\/index.php?rest_route=%2Fwp%2Fv2%2Fmedia&parent=33755"}],"wp:term":[{"taxonomy":"category","embeddable":true,"href":"https:\/\/swissmig.unine.ch\/index.php?rest_route=%2Fwp%2Fv2%2Fcategories&post=33755"},{"taxonomy":"post_tag","embeddable":true,"href":"https:\/\/swissmig.unine.ch\/index.php?rest_route=%2Fwp%2Fv2%2Ftags&post=33755"}],"curies":[{"name":"wp","href":"https:\/\/api.w.org\/{rel}","templated":true}]}}