{"id":33748,"date":"2021-07-12T08:00:00","date_gmt":"2021-07-12T07:00:00","guid":{"rendered":"https:\/\/swissmig.wordpress.com\/?p=33748"},"modified":"2021-07-12T08:00:00","modified_gmt":"2021-07-12T07:00:00","slug":"postulat-feri-16-3407-analyse-der-situation-von-fluchtlingsfrauen-zur-situation-in-den-kantonen-bericht-zu-handen-des-staatssekretariats-fur-migration-sem-und-der-schweizerischen-konferenz-der-ka","status":"publish","type":"post","link":"https:\/\/swissmig.unine.ch\/?p=33748","title":{"rendered":"Postulat Feri 16.3407. Analyse der Situation von Fl\u00fcchtlingsfrauen. Zur Situation in den Kantonen. Bericht zu H\u00e4nden des Staatssekretariats f\u00fcr Migration (SEM) und der Schweizerischen Konferenz der Kantonalen Sozialdirektorinnen und Sozialdirektoren (SODK)"},"content":{"rendered":"<h3>Author(s) : Mich\u00e8le Amacker, Tina B\u00fcchler, Denise Efionayi-M\u00e4der, Julia Egenter, Jo\u00eblle Fehlmann, Sebastian Funke, Anne-Laurence Graf, Christina Verena Hausammann<\/h3>\n<h3>Source : <a href=\"https:\/\/www.esbk.admin.ch\/dam\/sem\/de\/data\/aktuell\/news\/2019\/2019-10-16\/ber-skmr-fluechtlingsfrauen-d.pdf.download.pdf\/ber-skmr-fluechtlingsfrauen-d.pdf\" target=\"_blank\" rel=\"noopener\">https:\/\/www.esbk.admin.ch\/dam\/sem\/de\/data\/aktuell\/news\/2019\/2019-10-16\/ber-skmr-fluechtlingsfrauen-d.pdf.download.pdf\/ber-skmr-fluechtlingsfrauen-d.pdf<\/a><\/h3>\n<p><!--more--><\/p>\n<blockquote>\n<div class=\"hlFld-Abstract\">\n<div class=\"abstractSection abstractInFull\">&#8220;Am 9. Juni 2016 reichte Nationalr\u00e4tin Yvonne Feri das Postulat 16.3407 \u00abAnalyse der Situation von Fl\u00fcchtlingsfrauen\u00bb ein, welches am 15. M\u00e4rz 2017 vom Nationalrat angenommen wurde. Aus dem Postulatstext haben das SEM und die SODK einen Fragekatalog f\u00fcr die Analyse der Situation in den Kantonen abgeleitet. Das SKMR war als externe Auftragnehmerin an der Beantwortung folgender Fragen beteiligt:<br \/>A. Wie ist die Behandlung, Betreuung und Unterst\u00fctzung von Fl\u00fcchtlingsfrauen, welche Opfer sexueller Gewalt und Ausbeutung geworden sind, ausgestaltet? Wie viele Opfer gibt es (Sch\u00e4tzung Anzahl)? Wie viele davon waren Opfer einer Straftat im Ausland? Wenn Opfer einer Straftat im Ausland: Welche Angebote (auch private resp. zivilgesellschaftliche) gibt es? An welche Stellen verweisen die Betreuungspersonen bei Kenntnis der Opfereigenschaft? Wenn Opfer einer Straftat im Inland: Wie ist die Beratung, Betreuung und Unterst\u00fct-zung ausgestaltet? Sind die Opferberatungsstellen gen\u00fcgend auf diese Zielgruppe vorbereitet?<br \/>B. Bestehen Qualit\u00e4tsrichtlinien und gendersensible Massnahmen zur Unterbringung von asylsuchenden Frauen und M\u00e4dchen? Bestehen ausreichende Qualit\u00e4tsrichtlinien und gendersensible Massnahmen zur Unterbringung? Ist ein angemessener Schutz vor \u00dcbergriffen gegeben (im Lichte der Istanbul-Konvention)? Besteht Handlungsbedarf bei der Unterbringung? Ist die Betreuung angemessen?<br \/>Neben einer quantitativen und qualitativen empirischen Erhebung sollte eine juristische Analyse den internationalen und nationalen gesetzlichen Rahmen zu dieser Thematik darlegen. Bei der quantitativen Erhebung hatte das SKMR vorwiegend eine beratende Funktion, w\u00e4hrend das unabh\u00e4ngige Forschungsmandat aus der Durchf\u00fchrung der qualitativen Erhebung sowie der Erarbeitung der juristischen Analyse bestand. Im Rahmen eines Zusatzmandats des BAG wurden zudem Fragen zur sexuellen und reproduktiven Gesundheit bearbeitet. Alle Daten wurden zwischen Februar und Oktober 2018 erhoben.&#8221;<\/div>\n<\/div>\n<\/blockquote>\n\n\n<p><\/p>\n","protected":false},"excerpt":{"rendered":"<p>Author(s) : Mich\u00e8le Amacker, Tina B\u00fcchler, Denise Efionayi-M\u00e4der, Julia Egenter,&#8230;<\/p>\n","protected":false},"author":4,"featured_media":0,"comment_status":"open","ping_status":"open","sticky":false,"template":"","format":"standard","meta":{"_kadence_starter_templates_imported_post":false,"_kad_post_transparent":"","_kad_post_title":"","_kad_post_layout":"","_kad_post_sidebar_id":"","_kad_post_content_style":"","_kad_post_vertical_padding":"","_kad_post_feature":"","_kad_post_feature_position":"","_kad_post_header":false,"_kad_post_footer":false,"_kad_post_classname":"","jetpack_post_was_ever_published":false,"_jetpack_newsletter_access":"","_jetpack_dont_email_post_to_subs":false,"_jetpack_newsletter_tier_id":0,"_jetpack_memberships_contains_paywalled_content":false,"_jetpack_memberships_contains_paid_content":false,"footnotes":""},"categories":[24],"tags":[582,273,57,120,73,127,271,293,268,129,303,104,373,617,103,249,354,355,340,201,158],"class_list":["post-33748","post","type-post","status-publish","format-standard","hentry","category-society-family-racism","tag-582","tag-cantons","tag-comparative-analysis","tag-data-analysis","tag-german-language","tag-health-policy","tag-human-rights-violations","tag-human-smuggling","tag-international-law","tag-law","tag-legal-aspects","tag-living-conditions","tag-qualitative-research","tag-refugee-centres","tag-refugees","tag-report","tag-sexual-health","tag-sexual-violence","tag-social-support","tag-women","tag-working-conditions"],"jetpack_featured_media_url":"","jetpack_sharing_enabled":true,"_links":{"self":[{"href":"https:\/\/swissmig.unine.ch\/index.php?rest_route=\/wp\/v2\/posts\/33748","targetHints":{"allow":["GET"]}}],"collection":[{"href":"https:\/\/swissmig.unine.ch\/index.php?rest_route=\/wp\/v2\/posts"}],"about":[{"href":"https:\/\/swissmig.unine.ch\/index.php?rest_route=\/wp\/v2\/types\/post"}],"author":[{"embeddable":true,"href":"https:\/\/swissmig.unine.ch\/index.php?rest_route=\/wp\/v2\/users\/4"}],"replies":[{"embeddable":true,"href":"https:\/\/swissmig.unine.ch\/index.php?rest_route=%2Fwp%2Fv2%2Fcomments&post=33748"}],"version-history":[{"count":0,"href":"https:\/\/swissmig.unine.ch\/index.php?rest_route=\/wp\/v2\/posts\/33748\/revisions"}],"wp:attachment":[{"href":"https:\/\/swissmig.unine.ch\/index.php?rest_route=%2Fwp%2Fv2%2Fmedia&parent=33748"}],"wp:term":[{"taxonomy":"category","embeddable":true,"href":"https:\/\/swissmig.unine.ch\/index.php?rest_route=%2Fwp%2Fv2%2Fcategories&post=33748"},{"taxonomy":"post_tag","embeddable":true,"href":"https:\/\/swissmig.unine.ch\/index.php?rest_route=%2Fwp%2Fv2%2Ftags&post=33748"}],"curies":[{"name":"wp","href":"https:\/\/api.w.org\/{rel}","templated":true}]}}