{"id":33724,"date":"2021-07-05T08:00:00","date_gmt":"2021-07-05T07:00:00","guid":{"rendered":"https:\/\/swissmig.wordpress.com\/?p=33724"},"modified":"2021-07-05T08:00:00","modified_gmt":"2021-07-05T07:00:00","slug":"reconfigurations-diasporiques-des-reseaux-pentecotistes-franco-suisses-enjeux-educatifs-economiques-et-sociaux","status":"publish","type":"post","link":"https:\/\/swissmig.unine.ch\/?p=33724","title":{"rendered":"Reconfigurations diasporiques des r\u00e9seaux pentec\u00f4tistes franco-suisses. Enjeux \u00e9ducatifs, \u00e9conomiques et sociaux"},"content":{"rendered":"<h3>Author(s) : Jeanne Rey<\/h3>\n<h3>Source : <a href=\"https:\/\/halshs.archives-ouvertes.fr\/halshs-03238990\" target=\"_blank\" rel=\"noopener\">https:\/\/halshs.archives-ouvertes.fr\/halshs-03238990<\/a><\/h3>\n<p><!--more--><\/p>\n<blockquote>\n<div class=\"hlFld-Abstract\">\n<div class=\"abstractSection abstractInFull\">&#8220;L&#8217;importance des organisations religieuses dans le contexte de la diaspora africaine en Europe est un fait \u00e9tabli et p\u00e9riodiquement confirm\u00e9 depuis plus d&#8217;une d\u00e9cennie. L&#8217;int\u00e9r\u00eat port\u00e9 au religieux dans la diaspora ne s&#8217;explique pas uniquement par le r\u00f4le de &#8220;relai&#8221; que jouent les organisations religieuses dans les parcours migratoires. Il s&#8217;explique \u00e9galement par la place qu&#8217;occupent ces organisations dans les formes de mobilisations collectives diasporiques, sur le moyen et long terme, au sein de la diaspora. En effet, la communaut\u00e9 religieuse repr\u00e9sente une forme de collectif \u00e0 m\u00eame de mobiliser les diasporas africaines de mani\u00e8re soutenue et continue. A c\u00f4t\u00e9 des activit\u00e9s marchandes, des associations politiques ou de quartier, les collectifs religieux se situent donc au c\u0153ur de la vie sociale des diasporas africaines. Ils constituent le support de circulations de ressources, de discours ou encore de musiques qui permettent de mettre en sc\u00e8ne les appartenances religieuses. Cette force mobilisatrice repr\u00e9sente \u00e9galement un certain potentiel en termes \u00e9conomiques. Alors que le projet religieux arbore souvent une dimension entrepreneuriale et que pratiques religieuses et marchandes s&#8217;enchev\u00eatrent all\u00e8grement, le collectif religieux repr\u00e9sente \u00e9galement un levier potentiel pour d\u00e9velopper des capacit\u00e9s \u00e9conomiques qui n&#8217;est pas \u00e0 sous-estimer.&#8221;<\/div>\n<div>\u00a0<\/div>\n<div><strong>Keywords<\/strong>: diasporas africaines, pentec\u00f4tisme<\/div>\n<\/div>\n<\/blockquote>\n\n\n<p><\/p>\n","protected":false},"excerpt":{"rendered":"<p>Author(s) : Jeanne Rey Source : https:\/\/halshs.archives-ouvertes.fr\/halshs-03238990<\/p>\n","protected":false},"author":4,"featured_media":0,"comment_status":"open","ping_status":"open","sticky":false,"template":"","format":"standard","meta":{"_kadence_starter_templates_imported_post":false,"_kad_post_transparent":"","_kad_post_title":"","_kad_post_layout":"","_kad_post_sidebar_id":"","_kad_post_content_style":"","_kad_post_vertical_padding":"","_kad_post_feature":"","_kad_post_feature_position":"","_kad_post_header":false,"_kad_post_footer":false,"_kad_post_classname":"","jetpack_post_was_ever_published":false,"_jetpack_newsletter_access":"","_jetpack_dont_email_post_to_subs":false,"_jetpack_newsletter_tier_id":0,"_jetpack_memberships_contains_paywalled_content":false,"_jetpack_memberships_contains_paid_content":false,"footnotes":""},"categories":[167],"tags":[693,239,483,151,136,176,197,52,138,444,168,249,91,25,26],"class_list":["post-33724","post","type-post","status-publish","format-standard","hentry","category-ethnicity-languages-religion-arts","tag-693","tag-africans","tag-communities","tag-cultural-identity","tag-diasporas","tag-economic-integration","tag-france","tag-french-language","tag-migration-motives","tag-religious-institutions","tag-religious-practice","tag-report","tag-social-integration","tag-solidarity","tag-transnationalism"],"jetpack_featured_media_url":"","jetpack_sharing_enabled":true,"_links":{"self":[{"href":"https:\/\/swissmig.unine.ch\/index.php?rest_route=\/wp\/v2\/posts\/33724","targetHints":{"allow":["GET"]}}],"collection":[{"href":"https:\/\/swissmig.unine.ch\/index.php?rest_route=\/wp\/v2\/posts"}],"about":[{"href":"https:\/\/swissmig.unine.ch\/index.php?rest_route=\/wp\/v2\/types\/post"}],"author":[{"embeddable":true,"href":"https:\/\/swissmig.unine.ch\/index.php?rest_route=\/wp\/v2\/users\/4"}],"replies":[{"embeddable":true,"href":"https:\/\/swissmig.unine.ch\/index.php?rest_route=%2Fwp%2Fv2%2Fcomments&post=33724"}],"version-history":[{"count":0,"href":"https:\/\/swissmig.unine.ch\/index.php?rest_route=\/wp\/v2\/posts\/33724\/revisions"}],"wp:attachment":[{"href":"https:\/\/swissmig.unine.ch\/index.php?rest_route=%2Fwp%2Fv2%2Fmedia&parent=33724"}],"wp:term":[{"taxonomy":"category","embeddable":true,"href":"https:\/\/swissmig.unine.ch\/index.php?rest_route=%2Fwp%2Fv2%2Fcategories&post=33724"},{"taxonomy":"post_tag","embeddable":true,"href":"https:\/\/swissmig.unine.ch\/index.php?rest_route=%2Fwp%2Fv2%2Ftags&post=33724"}],"curies":[{"name":"wp","href":"https:\/\/api.w.org\/{rel}","templated":true}]}}