{"id":33708,"date":"2021-06-28T08:00:00","date_gmt":"2021-06-28T07:00:00","guid":{"rendered":"https:\/\/swissmig.wordpress.com\/?p=33708"},"modified":"2021-06-28T08:00:00","modified_gmt":"2021-06-28T07:00:00","slug":"was-ware-die-schweiz-ohne-ihr-alter-ego-den-auslander","status":"publish","type":"post","link":"https:\/\/swissmig.unine.ch\/?p=33708","title":{"rendered":"Was w\u00e4re die Schweiz ohne ihr Alter Ego, den Ausl\u00e4nder?"},"content":{"rendered":"<h3>Author(s) : Regula Flury<\/h3>\n<h3>Source : <a href=\"https:\/\/widerspruch.ch\/sites\/default\/files\/2021-04\/WSP_71_Regula%20Flury.pdf\" target=\"_blank\" rel=\"noopener\">https:\/\/widerspruch.ch\/sites\/default\/files\/2021-04\/WSP_71_Regula%20Flury.pdf<\/a><\/h3>\n<p><!--more--><\/p>\n<blockquote>\n<div class=\"hlFld-Abstract\">\n<div class=\"abstractSection abstractInFull\">&#8220;<span dir=\"ltr\">Was ist das Verh\u00e4ltnis von Nationalstaat, F\u00f6deralismus und Migration in der <\/span><span dir=\"ltr\">Schweiz? Menschen ohne Schweizer Pass (Migrant*innen, Sans-Papiers, Ge<\/span><span dir=\"ltr\">fl<\/span><span dir=\"ltr\">\u00fcchtete) machen rund einen Viertel der Menschen in der Schweiz aus. Die <\/span><span dir=\"ltr\">Volkswirtschaft ist auf migrantische Arbeitskr\u00e4fte dringend angewiesen. Trotz<\/span><span dir=\"ltr\">dem ist dieser beachtliche Teil der Bev\u00f6lkerung in den politischen Institutionen <\/span><span dir=\"ltr\">der Schweizer Demokratie nicht vertreten. Welche Fragen wirft dies aus der Per<\/span><span dir=\"ltr\">spektive der Migration auf? Welche K\u00e4mpfe werden dazu gef\u00fchrt und m\u00fcssen <\/span><span dir=\"ltr\">noch gef\u00fchrt werden?<\/span><span dir=\"ltr\">Francesca Falk, Rohit Jain und Kijan Espahangizi setzen sich als Wissen<\/span><span dir=\"ltr\">schaftlerInnen und AktivistInnen seit vielen Jahren intensiv mit diesen <\/span><span dir=\"ltr\">Th<\/span><span dir=\"ltr\">emen <\/span><span dir=\"ltr\">auseinander. Kijan Espahangizi ist Historiker. Er arbeitet aktuell zur Geschichte <\/span><span dir=\"ltr\">der Migrationsforschung und zum Konzept der postmigrantischen Gesellschaft, <\/span><span dir=\"ltr\">u.<\/span><span dir=\"ltr\">a. am postmigrantischen <\/span><span dir=\"ltr\">Th<\/span><span dir=\"ltr\">ink &amp; Act Tank Institut Neue Schweiz (<\/span><span dir=\"ltr\">INES<\/span><span dir=\"ltr\">). <\/span><span dir=\"ltr\">Francesca Falk ist Historikerin. Ihre Forschungsschwerpunkte umfassen u.<\/span><span dir=\"ltr\">a. <\/span><span dir=\"ltr\">die historische Analyse von Machtverh\u00e4ltnissen, die Geschlechter- und Migrati<\/span><span dir=\"ltr\">onsgeschichte sowie die Geschichte des (Post-)Kolonialismus. Rohit Jain ist So<\/span><span dir=\"ltr\">zialanthropologe. Er arbeitet als Gesch\u00e4ftsf\u00fchrer am <\/span><span dir=\"ltr\">INES<\/span><span dir=\"ltr\"> und hat \u00fcber trans<\/span><span dir=\"ltr\">nationale Lebenswelten von schweizerisch-indischen Second@s, \u00fcber Rassis<\/span><span dir=\"ltr\">mus &amp; Humor sowie \u00fcber die postkoloniale Schweiz publiziert. <\/span><span dir=\"ltr\">Das schriftliche Interview f\u00fchrte Regula Flur<\/span>y.&#8221;<\/div>\n<\/div>\n<\/blockquote>\n\n\n<p><\/p>\n","protected":false},"excerpt":{"rendered":"<p>Author(s) : Regula Flury Source : https:\/\/widerspruch.ch\/sites\/default\/files\/2021-04\/WSP_71_Regula%20Flury.pdf<\/p>\n","protected":false},"author":4,"featured_media":0,"comment_status":"open","ping_status":"open","sticky":false,"template":"","format":"standard","meta":{"_kadence_starter_templates_imported_post":false,"_kad_post_transparent":"","_kad_post_title":"","_kad_post_layout":"","_kad_post_sidebar_id":"","_kad_post_content_style":"","_kad_post_vertical_padding":"","_kad_post_feature":"","_kad_post_feature_position":"","_kad_post_header":false,"_kad_post_footer":false,"_kad_post_classname":"","jetpack_post_was_ever_published":false,"_jetpack_newsletter_access":"","_jetpack_dont_email_post_to_subs":false,"_jetpack_newsletter_tier_id":0,"_jetpack_memberships_contains_paywalled_content":false,"_jetpack_memberships_contains_paid_content":false,"footnotes":""},"categories":[12],"tags":[285,70,307,701,176,73,154,66,174,123,67,103,262],"class_list":["post-33708","post","type-post","status-publish","format-standard","hentry","category-politics","tag-285","tag-citizenship","tag-civil-and-political-rights","tag-discussion-paper","tag-economic-integration","tag-german-language","tag-interviews","tag-migration","tag-nationalism","tag-political-participation","tag-post-colonialism","tag-refugees","tag-undocumented-immigrants"],"jetpack_featured_media_url":"","jetpack_sharing_enabled":true,"_links":{"self":[{"href":"https:\/\/swissmig.unine.ch\/index.php?rest_route=\/wp\/v2\/posts\/33708","targetHints":{"allow":["GET"]}}],"collection":[{"href":"https:\/\/swissmig.unine.ch\/index.php?rest_route=\/wp\/v2\/posts"}],"about":[{"href":"https:\/\/swissmig.unine.ch\/index.php?rest_route=\/wp\/v2\/types\/post"}],"author":[{"embeddable":true,"href":"https:\/\/swissmig.unine.ch\/index.php?rest_route=\/wp\/v2\/users\/4"}],"replies":[{"embeddable":true,"href":"https:\/\/swissmig.unine.ch\/index.php?rest_route=%2Fwp%2Fv2%2Fcomments&post=33708"}],"version-history":[{"count":0,"href":"https:\/\/swissmig.unine.ch\/index.php?rest_route=\/wp\/v2\/posts\/33708\/revisions"}],"wp:attachment":[{"href":"https:\/\/swissmig.unine.ch\/index.php?rest_route=%2Fwp%2Fv2%2Fmedia&parent=33708"}],"wp:term":[{"taxonomy":"category","embeddable":true,"href":"https:\/\/swissmig.unine.ch\/index.php?rest_route=%2Fwp%2Fv2%2Fcategories&post=33708"},{"taxonomy":"post_tag","embeddable":true,"href":"https:\/\/swissmig.unine.ch\/index.php?rest_route=%2Fwp%2Fv2%2Ftags&post=33708"}],"curies":[{"name":"wp","href":"https:\/\/api.w.org\/{rel}","templated":true}]}}