{"id":33695,"date":"2021-06-21T08:00:00","date_gmt":"2021-06-21T07:00:00","guid":{"rendered":"https:\/\/swissmig.wordpress.com\/?p=33695"},"modified":"2021-06-21T08:00:00","modified_gmt":"2021-06-21T07:00:00","slug":"comment-partager-la-responsabilite-de-lasile-en-europe","status":"publish","type":"post","link":"https:\/\/swissmig.unine.ch\/?p=33695","title":{"rendered":"Comment partager la responsabilit\u00e9 de l&#8217;asile en Europe ?"},"content":{"rendered":"<h3>Author(s) : Etienne Piguet<\/h3>\n<h3>Source : <a href=\"https:\/\/asyl.recht.ch\/de\/artikel\/03asyl0121abh\/comment-partager-la-responsabilite-de-lasile-en-europe\" target=\"_blank\" rel=\"noopener\">https:\/\/asyl.recht.ch\/de\/artikel\/03asyl0121abh\/comment-partager-la-responsabilite-de-lasile-en-europe<\/a><\/h3>\n<p><!--more--><\/p>\n<blockquote>\n<div class=\"hlFld-Abstract\">\n<div class=\"abstractSection abstractInFull\">&#8220;Cet article pose le constat d\u2019un fort d\u00e9s\u00e9quilibre dans la r\u00e9partition des demandes d\u2019asile en Europe. Que ce soit en proportion de leur population, de leur prosp\u00e9rit\u00e9 ou de leur surface, certains pays font plus que leur part \u00e0 l\u2019effort d\u2019accueil tandis que d\u2019autres y \u00e9chappent. Si la Suisse est dans la moyenne en regard de sa population, elle reste peu accueillante au vu de sa richesse. Prenant comme point de d\u00e9part la r\u00e9cente proposition de la Commission europ\u00e9enne d\u2019un \u00ab Pacte sur la migration et l\u2019asile \u00bb, l\u2019article discute les conditions qui devraient \u00eatre r\u00e9unies pour rem\u00e9dier \u00e0 ce d\u00e9s\u00e9quilibre et mettre en place une politique d\u2019asile commune \u00e0 laquelle la Suisse a tout int\u00e9r\u00eat \u00e0 s\u2019associer. &#8220;<\/div>\n<div>\u00a0<\/div>\n<\/div>\n<div><strong>Zusammenfassung<\/strong>: &#8220;In dieser Abhandlung wird aufgezeigt, dass es bei der Verteilung von Asylantr\u00e4gen in Europa ein ernsthaftes Ungleichgewicht gibt. Sei es im Verh\u00e4ltnis zu ihrer Bev\u00f6lkerung, ihrem Wohlstand oder ihrer Fl\u00e4che; einige Staaten engagieren sich \u00fcber ihren Anteil hinaus f\u00fcr die Aufnahme, w\u00e4hrend andere sich dem entziehen. Die Schweiz nimmt gemessen an ihrer Einwohnerzahl \u00e4hnlich viele Asylsuchende wie andere Staaten auf, in Bezug auf ihren Reichtum ist die Aufnahme jedoch unterdurchschnittlich. Ausgehend von dem j\u00fcngsten Vorschlag der Europ\u00e4ischen Kommission f\u00fcr einen \u00abPakt zu Migration und Asyl\u00bb werden in dieser Abhandlung die zu erf\u00fcllenden Bedingungen diskutiert, um dieses Ungleichgewicht zu beheben und um eine gemeinsame Asylpolitik zu etablieren, an der auch die Schweiz ein erhebliches Interesse hat, sich anzuschliessen.&#8221;<\/div>\n<\/blockquote>\n\n\n<p><\/p>\n","protected":false},"excerpt":{"rendered":"<p>Author(s) : Etienne Piguet Source : https:\/\/asyl.recht.ch\/de\/artikel\/03asyl0121abh\/comment-partager-la-responsabilite-de-lasile-en-europe<\/p>\n","protected":false},"author":4,"featured_media":0,"comment_status":"open","ping_status":"open","sticky":false,"template":"","format":"standard","meta":{"_kadence_starter_templates_imported_post":false,"_kad_post_transparent":"","_kad_post_title":"","_kad_post_layout":"","_kad_post_sidebar_id":"","_kad_post_content_style":"","_kad_post_vertical_padding":"","_kad_post_feature":"","_kad_post_feature_position":"","_kad_post_header":false,"_kad_post_footer":false,"_kad_post_classname":"","jetpack_post_was_ever_published":false,"_jetpack_newsletter_access":"","_jetpack_dont_email_post_to_subs":false,"_jetpack_newsletter_tier_id":0,"_jetpack_memberships_contains_paywalled_content":false,"_jetpack_memberships_contains_paid_content":false,"footnotes":""},"categories":[12],"tags":[693,7,49,112,651,703,79,27,52,704,128,563,387,216,36,110,90,705],"class_list":["post-33695","post","type-post","status-publish","format-standard","hentry","category-politics","tag-693","tag-article","tag-asylum-policy","tag-asylum-procedure","tag-asylum-recognition-rates","tag-cyprus","tag-equal-opportunities","tag-european-union","tag-french-language","tag-greece","tag-human-rights","tag-immigration-law","tag-integration-policy","tag-international-cooperation","tag-migration-policy","tag-mobility","tag-reception-policy","tag-republic-of-malta"],"jetpack_featured_media_url":"","jetpack_sharing_enabled":true,"_links":{"self":[{"href":"https:\/\/swissmig.unine.ch\/index.php?rest_route=\/wp\/v2\/posts\/33695","targetHints":{"allow":["GET"]}}],"collection":[{"href":"https:\/\/swissmig.unine.ch\/index.php?rest_route=\/wp\/v2\/posts"}],"about":[{"href":"https:\/\/swissmig.unine.ch\/index.php?rest_route=\/wp\/v2\/types\/post"}],"author":[{"embeddable":true,"href":"https:\/\/swissmig.unine.ch\/index.php?rest_route=\/wp\/v2\/users\/4"}],"replies":[{"embeddable":true,"href":"https:\/\/swissmig.unine.ch\/index.php?rest_route=%2Fwp%2Fv2%2Fcomments&post=33695"}],"version-history":[{"count":0,"href":"https:\/\/swissmig.unine.ch\/index.php?rest_route=\/wp\/v2\/posts\/33695\/revisions"}],"wp:attachment":[{"href":"https:\/\/swissmig.unine.ch\/index.php?rest_route=%2Fwp%2Fv2%2Fmedia&parent=33695"}],"wp:term":[{"taxonomy":"category","embeddable":true,"href":"https:\/\/swissmig.unine.ch\/index.php?rest_route=%2Fwp%2Fv2%2Fcategories&post=33695"},{"taxonomy":"post_tag","embeddable":true,"href":"https:\/\/swissmig.unine.ch\/index.php?rest_route=%2Fwp%2Fv2%2Ftags&post=33695"}],"curies":[{"name":"wp","href":"https:\/\/api.w.org\/{rel}","templated":true}]}}