{"id":33677,"date":"2021-06-14T08:00:00","date_gmt":"2021-06-14T07:00:00","guid":{"rendered":"https:\/\/swissmig.wordpress.com\/?p=33677"},"modified":"2021-06-14T08:00:00","modified_gmt":"2021-06-14T07:00:00","slug":"les-foyers-den-haut-la-montagne-embleme-du-paradoxe-de-lintegration-des-requerant%c2%b7es-dasile-en-suisse","status":"publish","type":"post","link":"https:\/\/swissmig.unine.ch\/?p=33677","title":{"rendered":"Les foyers d\u2019en-haut. La montagne, embl\u00e8me du paradoxe de l\u2019int\u00e9gration des requ\u00e9rant\u00b7es d\u2019asile en Suisse"},"content":{"rendered":"<h3>Author(s) : Viviane Cretton<\/h3>\n<h3>Source : <a href=\"https:\/\/doi.org\/10.4000\/rga.6897\" target=\"_blank\" rel=\"noopener\">https:\/\/doi.org\/10.4000\/rga.6897<\/a><\/h3>\n<p><!--more--><\/p>\n<blockquote>\n<div class=\"hlFld-Abstract\">\n<div class=\"abstractSection abstractInFull\">&#8220;Cet article analyse \u00ab\u00a0ce que la montagne fait\u00a0\u00bb aux personnes qui demandent l\u2019asile en Suisse. Il s\u2019int\u00e9resse \u00e0 leur v\u00e9cu lorsqu\u2019elles sont h\u00e9berg\u00e9es dans des foyers d\u2019accueil collectifs, en altitude. \u00c0 l\u2019\u00e9chelle de la soci\u00e9t\u00e9 suisse, les demandeur\u00b7es d\u2019asile sont soumis\u00b7es \u00e0 une injonction d\u2019\u00ab\u00a0int\u00e9gration\u00a0\u00bb, malgr\u00e9 l&#8217;issue incertaine de leur requ\u00eate. Lorsque l\u2019attente et l\u2019incertitude impos\u00e9es par la proc\u00e9dure d\u2019asile se vivent \u00e0 plus de 1\u00a0300 m\u00e8tres d\u2019altitude, le sentiment d\u2019\u00eatre tenu \u00e0 l\u2019\u00e9cart de la vie des centres urbains est renforc\u00e9 et la charge \u00e9motionnelle exacerb\u00e9e.<br \/>Les exp\u00e9riences sp\u00e9cifiques de l\u2019h\u00e9bergement collectif en montagne, \u00e9prouv\u00e9es par les requ\u00e9rant\u00b7es d\u2019asile \u2013\u00a0et par les professionnel\u00b7les ou b\u00e9n\u00e9voles qui les accompagnent\u00a0\u2013 s\u2019expriment dans leurs fa\u00e7ons de dire le lieu. Loin des repr\u00e9sentations touristiques et romantiques de la montagne, les oppositions entre le <em>haut <\/em>et le<em> bas<\/em> (la vall\u00e9e et la plaine), entre la <em>p\u00e9riph\u00e9rie <\/em>et le <em>centre<\/em> (la montagne et la ville) traversent avec r\u00e9currence les r\u00e9cits recueillis. Elles entretiennent une repr\u00e9sentation de la montagne comme un non-lieu de vie sociale, un endroit isol\u00e9, par opposition aux villes en plaine. Lorsque l\u2019accueil \u00ab en haut \u00bb se prolonge, il nourrit un processus d\u2019effacement social \u00ab en bas \u00bb qui rend l\u2019injonction \u00e0 l\u2019int\u00e9gration dans la soci\u00e9t\u00e9 suisse \u00e9minemment paradoxale.&#8221;<\/div>\n<div>\u00a0<\/div>\n<div><strong>Mots cl\u00e9s<\/strong> : montagne, Suisse, int\u00e9gration, Valais, asile, foyers collectifs, visibilit\u00e9, reconnaissance<\/div>\n<div>\u00a0<\/div>\n<\/div>\n<div>&#8220;<span lang=\"en\" xml:lang=\"en\">This article analyses \u201cwhat the mountain does\u201d to people seeking asylum in Switzerland. It focuses on their experiences while they are accommodated in collective reception centres at high altitudes. At the level of Swiss society, asylum seekers are subject to an \u201cintegration\u201d injunction, despite the uncertain outcome of their application. When the waiting and uncertainty imposed by the asylum procedure is experienced at an altitude of more than 1300 metres, the feeling of being kept away from life in urban centres is reinforced and the emotional burden exacerbated.<br \/>The specific experiences of collective accommodation in the mountains, experienced by asylum seekers \u2013\u00a0and by the professionals or volunteers accompanying them\u00a0\u2013 are expressed in their story telling of the place. Far from the tourist and romantic representations of the mountains, the oppositions between the top and the bottom (the valley and the plain), between the periphery and the centre (the mountain and the town) run repeatedly through the collected narratives. They maintain a representation of the mountain as a non-place of social life, an isolated place, as opposed to cities on the plain. When the reception &#8220;above&#8221; lasts, it sustains a process of social effacement &#8220;below&#8221; which makes the injunction to integrate into Swiss society eminently paradoxical.<\/span>&#8220;<\/div>\n<div>\n<div class=\"index\">\n<p><strong>Keywords<\/strong>: mountain, Switzerland, integration, Valais, asylum, reception centres, visibility, recognition<\/p>\n<\/div>\n<\/div>\n<\/blockquote>\n\n\n<p><\/p>\n","protected":false},"excerpt":{"rendered":"<p>Author(s) : Viviane Cretton Source : https:\/\/doi.org\/10.4000\/rga.6897<\/p>\n","protected":false},"author":4,"featured_media":0,"comment_status":"open","ping_status":"open","sticky":false,"template":"","format":"standard","meta":{"_kadence_starter_templates_imported_post":false,"_kad_post_transparent":"","_kad_post_title":"","_kad_post_layout":"","_kad_post_sidebar_id":"","_kad_post_content_style":"","_kad_post_vertical_padding":"","_kad_post_feature":"","_kad_post_feature_position":"","_kad_post_header":false,"_kad_post_footer":false,"_kad_post_classname":"","jetpack_post_was_ever_published":false,"_jetpack_newsletter_access":"","_jetpack_dont_email_post_to_subs":false,"_jetpack_newsletter_tier_id":0,"_jetpack_memberships_contains_paywalled_content":false,"_jetpack_memberships_contains_paid_content":false,"footnotes":""},"categories":[24],"tags":[654,7,49,50,52,128,387,104,90,617,91,392,369],"class_list":["post-33677","post","type-post","status-publish","format-standard","hentry","category-society-family-racism","tag-654","tag-article","tag-asylum-policy","tag-asylum-seekers","tag-french-language","tag-human-rights","tag-integration-policy","tag-living-conditions","tag-reception-policy","tag-refugee-centres","tag-social-integration","tag-urban-policy","tag-valais"],"jetpack_featured_media_url":"","jetpack_sharing_enabled":true,"_links":{"self":[{"href":"https:\/\/swissmig.unine.ch\/index.php?rest_route=\/wp\/v2\/posts\/33677","targetHints":{"allow":["GET"]}}],"collection":[{"href":"https:\/\/swissmig.unine.ch\/index.php?rest_route=\/wp\/v2\/posts"}],"about":[{"href":"https:\/\/swissmig.unine.ch\/index.php?rest_route=\/wp\/v2\/types\/post"}],"author":[{"embeddable":true,"href":"https:\/\/swissmig.unine.ch\/index.php?rest_route=\/wp\/v2\/users\/4"}],"replies":[{"embeddable":true,"href":"https:\/\/swissmig.unine.ch\/index.php?rest_route=%2Fwp%2Fv2%2Fcomments&post=33677"}],"version-history":[{"count":0,"href":"https:\/\/swissmig.unine.ch\/index.php?rest_route=\/wp\/v2\/posts\/33677\/revisions"}],"wp:attachment":[{"href":"https:\/\/swissmig.unine.ch\/index.php?rest_route=%2Fwp%2Fv2%2Fmedia&parent=33677"}],"wp:term":[{"taxonomy":"category","embeddable":true,"href":"https:\/\/swissmig.unine.ch\/index.php?rest_route=%2Fwp%2Fv2%2Fcategories&post=33677"},{"taxonomy":"post_tag","embeddable":true,"href":"https:\/\/swissmig.unine.ch\/index.php?rest_route=%2Fwp%2Fv2%2Ftags&post=33677"}],"curies":[{"name":"wp","href":"https:\/\/api.w.org\/{rel}","templated":true}]}}