{"id":33675,"date":"2021-06-14T08:00:00","date_gmt":"2021-06-14T07:00:00","guid":{"rendered":"https:\/\/swissmig.wordpress.com\/?p=33675"},"modified":"2021-06-14T08:00:00","modified_gmt":"2021-06-14T07:00:00","slug":"evaluation-de-la-loi-sur-lintegration-des-etrangers-du-canton-de-geneve","status":"publish","type":"post","link":"https:\/\/swissmig.unine.ch\/?p=33675","title":{"rendered":"\u00c9valuation de la loi sur l&#8217;int\u00e9gration des \u00e9trangers du Canton de Gen\u00e8ve"},"content":{"rendered":"<h3>Author(s) : Sandro Cattacin, Milena Chimienti, Thomas Kessler, Isabelle Renschler, Minh-Son Nguyen<\/h3>\n<h3>Source : <a href=\"https:\/\/archive-ouverte.unige.ch\/unige:55374\" target=\"_blank\" rel=\"noopener\">https:\/\/archive-ouverte.unige.ch\/unige:55374<\/a><\/h3>\n<p><!--more--><\/p>\n<blockquote>\n<div class=\"hlFld-Abstract\">\n<div class=\"abstractSection abstractInFull\">&#8220;Cette \u00e9valuation a \u00e9t\u00e9 r\u00e9alis\u00e9e dans des conditions id\u00e9ales, car le l\u00e9gislateur a fix\u00e9 dans la Loi sur l&#8217;int\u00e9gration des \u00e9trangers du 28 juin 2001, R\u00e9publique et canton de Gen\u00e8ve (LI) une clause \u00e9valuative (dans le chapitre VI) libell\u00e9e comme suit : \u00ab commission d&#8217;\u00e9valuation ind\u00e9pendante est charg\u00e9e d&#8217;\u00e9valuer la loi, son application et les diff\u00e9rentes missions qui y sont d\u00e9crites deux ans apr\u00e8s l&#8217;entr\u00e9e en vigueur de la loi. Par la suite, l&#8217;\u00e9valuation a lieu tous les quatre ans \u00bb (Loi sur l&#8217;int\u00e9gration, Art. 15). Cet \u00e9l\u00e9ment visionnaire de la loi est non seulement \u00e0 l&#8217;origine de ce rapport d&#8217;\u00e9valuation, mais il donne aux \u00e9valuateurs une grande marge de manoeuvre et de l\u00e9gitimit\u00e9. M\u00eame si l&#8217;\u00e9valuation ne s&#8217;est faite que quatre ans apr\u00e8s la mise en oeuvre de la loi \u2013 en raison des difficult\u00e9s de mise en place du dispositif \u2013, nous avons pu, gr\u00e2ce \u00e0 cet article, travailler de mani\u00e8re fort ind\u00e9pendante.diff\u00e9rentes missions qui y sont d\u00e9crites deux ans apr\u00e8s l&#8217;entr\u00e9e en vigueur de la loi. Par la suite, l&#8217;\u00e9valuation a lieu tous les quatre ans \u00bb (Loi sur l&#8217;int\u00e9gration, Art. 15). Cet \u00e9l\u00e9ment visionnaire de la loi est non seulement \u00e0 l&#8217;origine de ce rapport d&#8217;\u00e9valuation, mais il donne aux \u00e9valuateurs une grande marge de man\u0153uvre et de l\u00e9gitimit\u00e9. M\u00eame si l&#8217;\u00e9valuation ne s&#8217;est faite que quatre ans apr\u00e8s la mise en oeuvre de la loi \u2013 en raison des difficult\u00e9s de mise en place du dispositif \u2013, nous avons pu, gr\u00e2ce \u00e0 cet article, travailler de mani\u00e8re fort ind\u00e9pendante. &#8220;<\/div>\n<\/div>\n<\/blockquote>\n\n\n<p><\/p>\n","protected":false},"excerpt":{"rendered":"<p>Author(s) : Sandro Cattacin, Milena Chimienti, Thomas Kessler, Isabelle Renschler,&#8230;<\/p>\n","protected":false},"author":4,"featured_media":0,"comment_status":"open","ping_status":"open","sticky":false,"template":"","format":"standard","meta":{"_kadence_starter_templates_imported_post":false,"_kad_post_transparent":"","_kad_post_title":"","_kad_post_layout":"","_kad_post_sidebar_id":"","_kad_post_content_style":"","_kad_post_vertical_padding":"","_kad_post_feature":"","_kad_post_feature_position":"","_kad_post_header":false,"_kad_post_footer":false,"_kad_post_classname":"","jetpack_post_was_ever_published":false,"_jetpack_newsletter_access":"","_jetpack_dont_email_post_to_subs":false,"_jetpack_newsletter_tier_id":0,"_jetpack_memberships_contains_paywalled_content":false,"_jetpack_memberships_contains_paid_content":false,"footnotes":""},"categories":[53],"tags":[169,273,518,52,341,17,387,160,411,692,249,621],"class_list":["post-33675","post","type-post","status-publish","format-standard","hentry","category-law","tag-169","tag-cantons","tag-evaluation","tag-french-language","tag-geneva","tag-immigrants","tag-integration-policy","tag-integration-programmes","tag-perception","tag-public-policy","tag-report","tag-street-level-bureaucracy"],"jetpack_featured_media_url":"","jetpack_sharing_enabled":true,"_links":{"self":[{"href":"https:\/\/swissmig.unine.ch\/index.php?rest_route=\/wp\/v2\/posts\/33675","targetHints":{"allow":["GET"]}}],"collection":[{"href":"https:\/\/swissmig.unine.ch\/index.php?rest_route=\/wp\/v2\/posts"}],"about":[{"href":"https:\/\/swissmig.unine.ch\/index.php?rest_route=\/wp\/v2\/types\/post"}],"author":[{"embeddable":true,"href":"https:\/\/swissmig.unine.ch\/index.php?rest_route=\/wp\/v2\/users\/4"}],"replies":[{"embeddable":true,"href":"https:\/\/swissmig.unine.ch\/index.php?rest_route=%2Fwp%2Fv2%2Fcomments&post=33675"}],"version-history":[{"count":0,"href":"https:\/\/swissmig.unine.ch\/index.php?rest_route=\/wp\/v2\/posts\/33675\/revisions"}],"wp:attachment":[{"href":"https:\/\/swissmig.unine.ch\/index.php?rest_route=%2Fwp%2Fv2%2Fmedia&parent=33675"}],"wp:term":[{"taxonomy":"category","embeddable":true,"href":"https:\/\/swissmig.unine.ch\/index.php?rest_route=%2Fwp%2Fv2%2Fcategories&post=33675"},{"taxonomy":"post_tag","embeddable":true,"href":"https:\/\/swissmig.unine.ch\/index.php?rest_route=%2Fwp%2Fv2%2Ftags&post=33675"}],"curies":[{"name":"wp","href":"https:\/\/api.w.org\/{rel}","templated":true}]}}