{"id":33661,"date":"2021-06-07T08:00:00","date_gmt":"2021-06-07T07:00:00","guid":{"rendered":"https:\/\/swissmig.wordpress.com\/?p=33661"},"modified":"2021-06-07T08:00:00","modified_gmt":"2021-06-07T07:00:00","slug":"lintegration-institutionnelle-des-musulmans-en-suisse-lexemple-de-bale-ville-berne-geneve-neuchatel-et-zurich","status":"publish","type":"post","link":"https:\/\/swissmig.unine.ch\/?p=33661","title":{"rendered":"L&#8217;int\u00e9gration institutionnelle des Musulmans en Suisse: l&#8217;exemple de B\u00e2le-Ville, Berne, Gen\u00e8ve, Neuch\u00e2tel et Zurich"},"content":{"rendered":"<h3>Author(s) : Hans Mahnig<\/h3>\n<h3>Source : <a href=\"http:\/\/www.ekr.admin.ch\/pdf\/discours_mahnig_journee_musulmans_fr9fb1.pdf\" target=\"_blank\" rel=\"noopener\">http:\/\/www.ekr.admin.ch\/pdf\/discours_mahnig_journee_musulmans_fr9fb1.pdf<\/a><\/h3>\n<p><!--more--><\/p>\n<blockquote>\n<div class=\"hlFld-Abstract\">\n<div class=\"abstractSection abstractInFull\">&#8220;<span dir=\"ltr\">Dans ma pr\u00e9sentation je vous donnerai quelques informations sur l\u2019int\u00e9gration <\/span><span dir=\"ltr\">\u2212<\/span><span dir=\"ltr\"> ou <\/span><span dir=\"ltr\">l\u2019exclusion <\/span><span dir=\"ltr\">\u2212<\/span><span dir=\"ltr\"> institutionnelle des Musulmans en Suisse<\/span><span dir=\"ltr\">, plus pr\u00e9cis\u00e9ment dans cinq cantons \u2013 <\/span><span dir=\"ltr\">B\u00e2le Ville, Berne, Gen\u00e8ve, Neuch\u00e2tel et Zurich. <\/span><span dir=\"ltr\">Avant de vous pr\u00e9senter les r\u00e9ponses politi<\/span><span dir=\"ltr\">ques que ces cinq cantons ont donn\u00e9es \u00e0 la <\/span><span dir=\"ltr\">pr\u00e9sence musulmane, permettez-moi, cependant, de faire trois remarques d\u2019ordre g\u00e9n\u00e9ral. <\/span><span dir=\"ltr\">Premi\u00e8rement<\/span><span dir=\"ltr\">, la pr\u00e9sence de Musulmans en Suisse est <\/span><span dir=\"ltr\">\u2212<\/span><span dir=\"ltr\"> en comparaison avec la plupart des <\/span><span dir=\"ltr\">pays d\u2019immigration europ\u00e9ens <\/span><span dir=\"ltr\">\u2212<\/span><span dir=\"ltr\"> un ph\u00e9nom\u00e8ne relativement r\u00e9cent. Deux raisons principales <\/span><span dir=\"ltr\">expliquent ce fait : d\u2019une part, la Suisse <\/span><span dir=\"ltr\">n\u2019\u00e9tait pas une puissance coloniale comme par <\/span><span dir=\"ltr\">exemple la France, le Royaume-Uni ou les Pays-Bas.<\/span><span dir=\"ltr\"> D\u2019autre part, l\u2019immigration <\/span><span dir=\"ltr\">\u00e9conomique de l\u2019apr\u00e8s-guerre fut en Suisse dans un premier temps presque uniquement <\/span><span dir=\"ltr\">compos\u00e9e de personnes venant des pays de l\u2019Eu<\/span><span dir=\"ltr\">rope du Sud comme l\u2019Italie et l\u2019Espagne. Ce <\/span><span dir=\"ltr\">n\u2019\u00e9tait donc qu\u2019\u00e0 partir du milieu des ann\u00e9es soixante-dix avec l\u2019accroissement de <\/span><span dir=\"ltr\">l\u2019immigration de ressortissants de l\u2019ex-Yougosla<\/span><span dir=\"ltr\">vie et de la Turquie que la pr\u00e9sence de <\/span><span dir=\"ltr\">Musulmans s\u2019affirmait. Seulement 20.000 Musulman<\/span><span dir=\"ltr\">s vivaient en Suisse lors du recensement <\/span><span dir=\"ltr\">de 1970 alors qu\u2019aujourd\u2019hui on estime le<\/span><span dir=\"ltr\">ur nombre de 200.000 \u00e0 250.000 personnes, ce qui <\/span><span dir=\"ltr\">repr\u00e9sente entre 2.8 et 3.5% de la population totale.<\/span>&#8220;<\/div>\n<\/div>\n<\/blockquote>\n\n\n<p><\/p>\n","protected":false},"excerpt":{"rendered":"<p>Author(s) : Hans Mahnig Source : http:\/\/www.ekr.admin.ch\/pdf\/discours_mahnig_journee_musulmans_fr9fb1.pdf<\/p>\n","protected":false},"author":4,"featured_media":0,"comment_status":"open","ping_status":"open","sticky":false,"template":"","format":"standard","meta":{"_kadence_starter_templates_imported_post":false,"_kad_post_transparent":"","_kad_post_title":"","_kad_post_layout":"","_kad_post_sidebar_id":"","_kad_post_content_style":"","_kad_post_vertical_padding":"","_kad_post_feature":"","_kad_post_feature_position":"","_kad_post_header":false,"_kad_post_footer":false,"_kad_post_classname":"","jetpack_post_was_ever_published":false,"_jetpack_newsletter_access":"","_jetpack_dont_email_post_to_subs":false,"_jetpack_newsletter_tier_id":0,"_jetpack_memberships_contains_paywalled_content":false,"_jetpack_memberships_contains_paid_content":false,"footnotes":""},"categories":[12],"tags":[241,156,258,307,483,173,701,164,52,341,87,223,116,284,444,91,246],"class_list":["post-33661","post","type-post","status-publish","format-standard","hentry","category-politics","tag-241","tag-basel","tag-bern","tag-civil-and-political-rights","tag-communities","tag-cross-cultural-communication","tag-discussion-paper","tag-exclusion","tag-french-language","tag-geneva","tag-history","tag-islam","tag-muslims","tag-neuchatel","tag-religious-institutions","tag-social-integration","tag-zurich"],"jetpack_featured_media_url":"","jetpack_sharing_enabled":true,"_links":{"self":[{"href":"https:\/\/swissmig.unine.ch\/index.php?rest_route=\/wp\/v2\/posts\/33661","targetHints":{"allow":["GET"]}}],"collection":[{"href":"https:\/\/swissmig.unine.ch\/index.php?rest_route=\/wp\/v2\/posts"}],"about":[{"href":"https:\/\/swissmig.unine.ch\/index.php?rest_route=\/wp\/v2\/types\/post"}],"author":[{"embeddable":true,"href":"https:\/\/swissmig.unine.ch\/index.php?rest_route=\/wp\/v2\/users\/4"}],"replies":[{"embeddable":true,"href":"https:\/\/swissmig.unine.ch\/index.php?rest_route=%2Fwp%2Fv2%2Fcomments&post=33661"}],"version-history":[{"count":0,"href":"https:\/\/swissmig.unine.ch\/index.php?rest_route=\/wp\/v2\/posts\/33661\/revisions"}],"wp:attachment":[{"href":"https:\/\/swissmig.unine.ch\/index.php?rest_route=%2Fwp%2Fv2%2Fmedia&parent=33661"}],"wp:term":[{"taxonomy":"category","embeddable":true,"href":"https:\/\/swissmig.unine.ch\/index.php?rest_route=%2Fwp%2Fv2%2Fcategories&post=33661"},{"taxonomy":"post_tag","embeddable":true,"href":"https:\/\/swissmig.unine.ch\/index.php?rest_route=%2Fwp%2Fv2%2Ftags&post=33661"}],"curies":[{"name":"wp","href":"https:\/\/api.w.org\/{rel}","templated":true}]}}