{"id":3366,"date":"2019-12-23T09:00:05","date_gmt":"2019-12-23T08:00:05","guid":{"rendered":"https:\/\/swissmig.wordpress.com\/?p=3366"},"modified":"2019-12-23T09:00:05","modified_gmt":"2019-12-23T08:00:05","slug":"interrelations-entre-trajectoires-residentielles-familiales-et-professionnelles-le-parcours-de-vie-des-immigres-en-suisse","status":"publish","type":"post","link":"https:\/\/swissmig.unine.ch\/?p=3366","title":{"rendered":"Interrelations entre trajectoires r\u00e9sidentielles, familiales et professionnelles : le parcours de vie des immigr\u00e9s en Suisse"},"content":{"rendered":"<h3>Author(s) : Julie Lacroix<\/h3>\n<h3>Source : <a href=\"https:\/\/archive-ouverte.unige.ch\/unige:125594\" target=\"_blank\" rel=\"noopener\">https:\/\/archive-ouverte.unige.ch\/unige:125594<\/a><\/h3>\n<p><strong>Abstract: <\/strong><!--more--><\/p>\n<blockquote><p>&#8220;Cette th\u00e8se int\u00e8gre les principes th\u00e9oriques et m\u00e9thodologiques du paradigme parcours de vie afin d&#8217;appr\u00e9cier la complexit\u00e9 des interrelations entre trajectoires r\u00e9sidentielles, familiales et professionnelles des immigr\u00e9s en Suisse. Nous y analysons l&#8217;h\u00e9t\u00e9rog\u00e9n\u00e9it\u00e9 des trajectoires d&#8217;installation en fonction du statut migratoire et interpr\u00e9tons leurs sp\u00e9cificit\u00e9s au prisme des diff\u00e9rentes dimensions dans lesquelles elles sont imbriqu\u00e9es. Au niveau micro, nous mettons l&#8217;accent sur le r\u00f4le des ressources individuelles et sur certains traits de personnalit\u00e9 latents pour expliquer la propension qu&#8217;ont les immigr\u00e9s et les natifs \u00e0 connaitre (simultan\u00e9ment) certaines transitions. Au niveau macro, nous consid\u00e9rons les sp\u00e9cificit\u00e9s des march\u00e9s du logement et de l&#8217;emploi comme garant de certaines opportunit\u00e9s diff\u00e9renci\u00e9es pour ces deux groupes.&#8221;<\/p>\n<p><strong>Mots-cl\u00e9s<\/strong> : Parcours de vie, Migration internationale, Mobilit\u00e9 r\u00e9sidentielle, Discrimination, Analyse de transitions<\/p>\n<p>&#8220;This thesis integrates the theoretical and methodological principles of the life course approach to appraise the complexity of interrelations between residential, familial, and professional trajectories of immigrants in Switzerland. We analyse the settling trajectories based on the migratory status and interpret their specificities through the different dimensions in which they are nested. At the micro level, we put the emphasis on the role of individual resources (human capital) and on various latent personality traits to explain the propensity of immigrants and natives to go through (simultaneously) various transitions. At the macro level, we consider the specificities of the housing and job markets as responsible for certain differentiated opportunities for these two groups.&#8221;<\/p><\/blockquote>\n<p>&nbsp;<\/p>\n","protected":false},"excerpt":{"rendered":"<p>Author(s) : Julie Lacroix Source : https:\/\/archive-ouverte.unige.ch\/unige:125594 Abstract:<\/p>\n","protected":false},"author":4,"featured_media":0,"comment_status":"open","ping_status":"open","sticky":false,"template":"","format":"standard","meta":{"_kadence_starter_templates_imported_post":false,"_kad_post_transparent":"","_kad_post_title":"","_kad_post_layout":"","_kad_post_sidebar_id":"","_kad_post_content_style":"","_kad_post_vertical_padding":"","_kad_post_feature":"","_kad_post_feature_position":"","_kad_post_header":false,"_kad_post_footer":false,"_kad_post_classname":"","jetpack_post_was_ever_published":false,"_jetpack_newsletter_access":"","_jetpack_dont_email_post_to_subs":false,"_jetpack_newsletter_tier_id":0,"_jetpack_memberships_contains_paywalled_content":false,"_jetpack_memberships_contains_paid_content":false,"footnotes":""},"categories":[43],"tags":[582,146,176,79,82,62,52,378,19,388,104,325,356,110,103,91,219],"class_list":["post-3366","post","type-post","status-publish","format-standard","hentry","category-the-migration-phenomenon","tag-582","tag-discrimination","tag-economic-integration","tag-equal-opportunities","tag-ethnic-discrimination","tag-everyday-life","tag-french-language","tag-housing","tag-labour-market","tag-livelihoods","tag-living-conditions","tag-methodology","tag-migratory-status","tag-mobility","tag-refugees","tag-social-integration","tag-thesis"],"jetpack_featured_media_url":"","jetpack_sharing_enabled":true,"_links":{"self":[{"href":"https:\/\/swissmig.unine.ch\/index.php?rest_route=\/wp\/v2\/posts\/3366","targetHints":{"allow":["GET"]}}],"collection":[{"href":"https:\/\/swissmig.unine.ch\/index.php?rest_route=\/wp\/v2\/posts"}],"about":[{"href":"https:\/\/swissmig.unine.ch\/index.php?rest_route=\/wp\/v2\/types\/post"}],"author":[{"embeddable":true,"href":"https:\/\/swissmig.unine.ch\/index.php?rest_route=\/wp\/v2\/users\/4"}],"replies":[{"embeddable":true,"href":"https:\/\/swissmig.unine.ch\/index.php?rest_route=%2Fwp%2Fv2%2Fcomments&post=3366"}],"version-history":[{"count":0,"href":"https:\/\/swissmig.unine.ch\/index.php?rest_route=\/wp\/v2\/posts\/3366\/revisions"}],"wp:attachment":[{"href":"https:\/\/swissmig.unine.ch\/index.php?rest_route=%2Fwp%2Fv2%2Fmedia&parent=3366"}],"wp:term":[{"taxonomy":"category","embeddable":true,"href":"https:\/\/swissmig.unine.ch\/index.php?rest_route=%2Fwp%2Fv2%2Fcategories&post=3366"},{"taxonomy":"post_tag","embeddable":true,"href":"https:\/\/swissmig.unine.ch\/index.php?rest_route=%2Fwp%2Fv2%2Ftags&post=3366"}],"curies":[{"name":"wp","href":"https:\/\/api.w.org\/{rel}","templated":true}]}}