{"id":33652,"date":"2021-06-07T08:00:00","date_gmt":"2021-06-07T07:00:00","guid":{"rendered":"https:\/\/swissmig.wordpress.com\/?p=33652"},"modified":"2021-06-07T08:00:00","modified_gmt":"2021-06-07T07:00:00","slug":"the-swiss-immigration-to-misiones-argentina-1935-1939-an-analysis-based-on-migration-theories-la-inmigracion-suiza-a-misiones-argentina-1935-1939-un-analisis-a-partir-de-las-teorias-migratoria","status":"publish","type":"post","link":"https:\/\/swissmig.unine.ch\/?p=33652","title":{"rendered":"The Swiss Immigration to Misiones-Argentina (1935-1939): An Analysis Based on Migration Theories \/ La inmigraci\u00f3n suiza a Misiones-Argentina (1935-1939): un an\u00e1lisis a partir de las teor\u00edas migratorias"},"content":{"rendered":"<h3>Author(s) : Laura Mabel Zang, Mar\u00eda Alejandra Fant\u00edn<\/h3>\n<h3>Source : <a href=\"https:\/\/doi.org\/10.33679\/rmi.v1i1.1837\" target=\"_blank\" rel=\"noopener\">https:\/\/doi.org\/10.33679\/rmi.v1i1.1837<\/a><\/h3>\n<p><!--more--><\/p>\n<blockquote>\n<div class=\"hlFld-Abstract\">\n<div class=\"abstractSection abstractInFull\">&#8220;This article addresses the phenomenon of Swiss immigration to the National Territory of Misiones, Argentina, between 1935 and 1939. From an analysis based on different migration theories, we identify the structural factors that led to the mobility of people of that origin and the influence of social networks as a strategic value in the consolidation of links between migrants in the process of adapting to the new environment. The analysis of qualitative sources will reveal the reasons that led them to make the decision to emigrate, the prevailing immigration policies at every moment, and the need to adapt to an entirely new environment.&#8221;<\/div>\n<div>\u00a0<\/div>\n<div><strong>Keywords<\/strong>: migration theories, social networks, immigration, Puerto Rico, Misiones, Argentina<\/div>\n<div>\u00a0<\/div>\n<div>&#8220;El presente art\u00edculo aborda el fen\u00f3meno de la inmigraci\u00f3n suiza hacia el Territorio Nacional de Misiones, Argentina, entre 1935 y 1939. A partir de un an\u00e1lisis basado en distintas teor\u00edas migratorias, identificamos los factores estructurales que propiciaron la movilidad de personas de ese origen y la influencia de las redes sociales como valor estrat\u00e9gico en la consolidaci\u00f3n de v\u00ednculos entablados entre los migrantes en el proceso de adaptaci\u00f3n al nuevo entorno. El an\u00e1lisis de fuentes cualitativas permitir\u00e1 develar los motivos que los llevaron a tomar la decisi\u00f3n de emigrar, las pol\u00edticas migratorias imperantes en cada momento, y la necesidad de adaptarse a un entorno totalmente nuevo.&#8221;<\/div>\n<div>\u00a0<\/div>\n<div><strong>Palabras clave: <\/strong>teor\u00edas migratorias, redes sociales, inmigraci\u00f3n, Puerto Rico, Misiones, Argentina<\/div>\n<\/div>\n<\/blockquote>\n\n\n<p><\/p>\n","protected":false},"excerpt":{"rendered":"<p>Author(s) : Laura Mabel Zang, Mar\u00eda Alejandra Fant\u00edn Source :&#8230;<\/p>\n","protected":false},"author":4,"featured_media":0,"comment_status":"open","ping_status":"open","sticky":false,"template":"","format":"standard","meta":{"_kadence_starter_templates_imported_post":false,"_kad_post_transparent":"","_kad_post_title":"","_kad_post_layout":"","_kad_post_sidebar_id":"","_kad_post_content_style":"","_kad_post_vertical_padding":"","_kad_post_feature":"","_kad_post_feature_position":"","_kad_post_header":false,"_kad_post_footer":false,"_kad_post_classname":"","jetpack_post_was_ever_published":false,"_jetpack_newsletter_access":"","_jetpack_dont_email_post_to_subs":false,"_jetpack_newsletter_tier_id":0,"_jetpack_memberships_contains_paywalled_content":false,"_jetpack_memberships_contains_paid_content":false,"footnotes":""},"categories":[35],"tags":[654,546,310,137,9,138,110,91,207,612,522],"class_list":["post-33652","post","type-post","status-publish","format-standard","hentry","category-history","tag-654","tag-argentina","tag-decision-making","tag-emigration","tag-english-language","tag-migration-motives","tag-mobility","tag-social-integration","tag-social-networks","tag-spanish-language","tag-theories-of-migration"],"jetpack_featured_media_url":"","jetpack_sharing_enabled":true,"_links":{"self":[{"href":"https:\/\/swissmig.unine.ch\/index.php?rest_route=\/wp\/v2\/posts\/33652","targetHints":{"allow":["GET"]}}],"collection":[{"href":"https:\/\/swissmig.unine.ch\/index.php?rest_route=\/wp\/v2\/posts"}],"about":[{"href":"https:\/\/swissmig.unine.ch\/index.php?rest_route=\/wp\/v2\/types\/post"}],"author":[{"embeddable":true,"href":"https:\/\/swissmig.unine.ch\/index.php?rest_route=\/wp\/v2\/users\/4"}],"replies":[{"embeddable":true,"href":"https:\/\/swissmig.unine.ch\/index.php?rest_route=%2Fwp%2Fv2%2Fcomments&post=33652"}],"version-history":[{"count":0,"href":"https:\/\/swissmig.unine.ch\/index.php?rest_route=\/wp\/v2\/posts\/33652\/revisions"}],"wp:attachment":[{"href":"https:\/\/swissmig.unine.ch\/index.php?rest_route=%2Fwp%2Fv2%2Fmedia&parent=33652"}],"wp:term":[{"taxonomy":"category","embeddable":true,"href":"https:\/\/swissmig.unine.ch\/index.php?rest_route=%2Fwp%2Fv2%2Fcategories&post=33652"},{"taxonomy":"post_tag","embeddable":true,"href":"https:\/\/swissmig.unine.ch\/index.php?rest_route=%2Fwp%2Fv2%2Ftags&post=33652"}],"curies":[{"name":"wp","href":"https:\/\/api.w.org\/{rel}","templated":true}]}}