{"id":33623,"date":"2021-05-24T08:00:00","date_gmt":"2021-05-24T07:00:00","guid":{"rendered":"https:\/\/swissmig.wordpress.com\/?p=33623"},"modified":"2021-05-24T08:00:00","modified_gmt":"2021-05-24T07:00:00","slug":"a-lecoute-des-personnes-confrontees-au-racisme","status":"publish","type":"post","link":"https:\/\/swissmig.unine.ch\/?p=33623","title":{"rendered":"\u00c0 l\u2019\u00e9coute des personnes confront\u00e9es au racisme"},"content":{"rendered":"<h3>Author(s) : OAIS (office de l&#8217;action, de l&#8217;insertion et de l&#8217;int\u00e9gration sociales) &#8211; Bureau de l&#8217;Int\u00e9gration des \u00e9trangers, Gen\u00e8ve<\/h3>\n<h3>Source : <a href=\"https:\/\/www.ge.ch\/actualite\/ecoute-personnes-confrontees-au-racisme-ouvrage-publie-centres-ecoute-contre-racisme-25-03-2021\" target=\"_blank\" rel=\"noopener\">https:\/\/www.ge.ch\/actualite\/ecoute-personnes-confrontees-au-racisme-ouvrage-publie-centres-ecoute-contre-racisme-25-03-2021<\/a><\/h3>\n<h3>PDF : <a href=\"https:\/\/www.vd.ch\/fileadmin\/user_upload\/organisation\/dire\/spop\/coordination_integration\/fichiers_pdf\/publi-210323-AEPR-web.pdf?fbclid=IwAR1HxOQd80kekgReerrwJDfZk7g6UUvEQn0TzDo3WjmKzgQ1haysNlgiYFM\" target=\"_blank\" rel=\"noopener\">https:\/\/www.vd.ch\/fileadmin\/user_upload\/organisation\/dire\/spop\/coordination_integration\/fichiers_pdf\/publi-210323-AEPR-web.pdf?fbclid=IwAR1HxOQd80kekgReerrwJDfZk7g6UUvEQn0TzDo3WjmKzgQ1haysNlgiYFM<\/a><\/h3>\n<p>\u00a0<\/p>\n<p><!--more--><\/p>\n<blockquote>\n<div class=\"hlFld-Abstract\">\n<div class=\"abstractSection abstractInFull\">&#8220;Les sept centres romands sp\u00e9cialis\u00e9s dans le conseil et le suivi de personnes discrimin\u00e9es du fait de leur appartenance ethnique, religieuse ou culturelle, dont fait partie le Centre-Ecoute contre le racisme de Gen\u00e8ve, se sont unis pour publier l\u2019ouvrage \u00ab \u00c0 l\u2019\u00e9coute des personnes confront\u00e9es au racisme \u2013 Les centres romands sp\u00e9cialis\u00e9s dans le suivi de personnes discrimin\u00e9es \u00bb. Cet ouvrage regroupe des r\u00e9cits de situations concr\u00e8tes pour lesquelles les centres ont \u00e9t\u00e9 sollicit\u00e9s, pr\u00e9sente chacun de ces centres et expose une analyse de leurs pratiques de terrain r\u00e9alis\u00e9e par une sociologue de l\u2019Institut des sciences sociales des religions de l\u2019Universit\u00e9 de Lausanne. L\u2019exp\u00e9rience des personnes confront\u00e9es au racisme constitue le point de d\u00e9part de cette publication et prend en compte leur perception des incidents ainsi que les souffrances qu\u2019elles expriment. L\u2019ouvrage a \u00e9galement pour but de faire connaitre ces organismes aux personnes potentiellement concern\u00e9es.&#8221;<\/div>\n<\/div>\n<\/blockquote>\n\n\n<p><\/p>\n","protected":false},"excerpt":{"rendered":"<p>Author(s) : OAIS (office de l&#8217;action, de l&#8217;insertion et de&#8230;<\/p>\n","protected":false},"author":4,"featured_media":0,"comment_status":"open","ping_status":"open","sticky":false,"template":"","format":"standard","meta":{"_kadence_starter_templates_imported_post":false,"_kad_post_transparent":"","_kad_post_title":"","_kad_post_layout":"","_kad_post_sidebar_id":"","_kad_post_content_style":"","_kad_post_vertical_padding":"","_kad_post_feature":"","_kad_post_feature_position":"","_kad_post_header":false,"_kad_post_footer":false,"_kad_post_classname":"","jetpack_post_was_ever_published":false,"_jetpack_newsletter_access":"","_jetpack_dont_email_post_to_subs":false,"_jetpack_newsletter_tier_id":0,"_jetpack_memberships_contains_paywalled_content":false,"_jetpack_memberships_contains_paid_content":false,"footnotes":""},"categories":[24],"tags":[693,699,37,8,493,82,52,295,334,249,42,340],"class_list":["post-33623","post","type-post","status-publish","format-standard","hentry","category-society-family-racism","tag-693","tag-anti-racist-education","tag-attitudes-towards-migrants","tag-case-study","tag-diversity-management","tag-ethnic-discrimination","tag-french-language","tag-prevention","tag-racism","tag-report","tag-social-psychology","tag-social-support"],"jetpack_featured_media_url":"","jetpack_sharing_enabled":true,"_links":{"self":[{"href":"https:\/\/swissmig.unine.ch\/index.php?rest_route=\/wp\/v2\/posts\/33623","targetHints":{"allow":["GET"]}}],"collection":[{"href":"https:\/\/swissmig.unine.ch\/index.php?rest_route=\/wp\/v2\/posts"}],"about":[{"href":"https:\/\/swissmig.unine.ch\/index.php?rest_route=\/wp\/v2\/types\/post"}],"author":[{"embeddable":true,"href":"https:\/\/swissmig.unine.ch\/index.php?rest_route=\/wp\/v2\/users\/4"}],"replies":[{"embeddable":true,"href":"https:\/\/swissmig.unine.ch\/index.php?rest_route=%2Fwp%2Fv2%2Fcomments&post=33623"}],"version-history":[{"count":0,"href":"https:\/\/swissmig.unine.ch\/index.php?rest_route=\/wp\/v2\/posts\/33623\/revisions"}],"wp:attachment":[{"href":"https:\/\/swissmig.unine.ch\/index.php?rest_route=%2Fwp%2Fv2%2Fmedia&parent=33623"}],"wp:term":[{"taxonomy":"category","embeddable":true,"href":"https:\/\/swissmig.unine.ch\/index.php?rest_route=%2Fwp%2Fv2%2Fcategories&post=33623"},{"taxonomy":"post_tag","embeddable":true,"href":"https:\/\/swissmig.unine.ch\/index.php?rest_route=%2Fwp%2Fv2%2Ftags&post=33623"}],"curies":[{"name":"wp","href":"https:\/\/api.w.org\/{rel}","templated":true}]}}