{"id":33615,"date":"2021-05-24T08:00:00","date_gmt":"2021-05-24T07:00:00","guid":{"rendered":"https:\/\/swissmig.wordpress.com\/?p=33615"},"modified":"2021-05-24T08:00:00","modified_gmt":"2021-05-24T07:00:00","slug":"diskriminierung-am-arbeitsplatz-die-rechtslage-in-der-schweiz","status":"publish","type":"post","link":"https:\/\/swissmig.unine.ch\/?p=33615","title":{"rendered":"Diskriminierung am Arbeitsplatz: Die Rechtslage in der Schweiz"},"content":{"rendered":"<h3>Author(s) : Thomas Geiser<\/h3>\n<h3>Source : <a href=\"https:\/\/www.ekr.admin.ch\/pdf\/Tangram_11.pdf\" target=\"_blank\" rel=\"noopener\">https:\/\/www.ekr.admin.ch\/pdf\/Tangram_11.pdf<\/a><\/h3>\n<p><!--more--><\/p>\n<blockquote>\n<div class=\"hlFld-Abstract\">\n<div class=\"abstractSection abstractInFull\">&#8220;<span dir=\"ltr\">Ende Oktober 1991 k\u00fcndigte der Chef des Verkaufs<\/span><span dir=\"ltr\">der W. SA in Genf drei Mitarbeitern schwarzer <\/span><span dir=\"ltr\">Hautfarbe unter Einhaltung der ordentlichen K\u00fcn<\/span><span dir=\"ltr\">digungsfrist. Anl\u00e4sslich des K\u00fcndigungsgespr\u00e4ches <\/span><span dir=\"ltr\">wies er darauf hin, dass in den Filialen, in denen <\/span><span dir=\"ltr\">Schwarze als Mitarbeiter t\u00e4tig seien, Waren gestoh<\/span><span dir=\"ltr\">len worden seien. Die Mitarbeiter zogen daraus den <\/span><span dir=\"ltr\">Schluss, ihnen sei wegen ihrer schwarzen Hautfarbe<\/span><span dir=\"ltr\">gek\u00fcndigt worden. Der Verkaufschef behauptete im <\/span><span dir=\"ltr\">nachfolgenden Prozess, er habe diesen Mitarbeitern <\/span><span dir=\"ltr\">aus wirtschaftlichen Gr\u00fcnden gek\u00fcndigt, weil ein <\/span><span dir=\"ltr\">Personalabbau von der Direktion angeordnet wor<\/span><span dir=\"ltr\">den sei.<\/span>&#8220;<\/div>\n<div>\u00a0<\/div>\n<div><strong>Keywords<\/strong>: labour market, racism, ethnic discrimination, working conditions, equal opportunities<\/div>\n<\/div>\n<\/blockquote>\n\n\n<p><\/p>\n","protected":false},"excerpt":{"rendered":"<p>Author(s) : Thomas Geiser Source : https:\/\/www.ekr.admin.ch\/pdf\/Tangram_11.pdf<\/p>\n","protected":false},"author":4,"featured_media":0,"comment_status":"open","ping_status":"open","sticky":false,"template":"","format":"standard","meta":{"_kadence_starter_templates_imported_post":false,"_kad_post_transparent":"","_kad_post_title":"","_kad_post_layout":"","_kad_post_sidebar_id":"","_kad_post_content_style":"","_kad_post_vertical_padding":"","_kad_post_feature":"","_kad_post_feature_position":"","_kad_post_header":false,"_kad_post_footer":false,"_kad_post_classname":"","jetpack_post_was_ever_published":false,"_jetpack_newsletter_access":"","_jetpack_dont_email_post_to_subs":false,"_jetpack_newsletter_tier_id":0,"_jetpack_memberships_contains_paywalled_content":false,"_jetpack_memberships_contains_paid_content":false,"footnotes":""},"categories":[16],"tags":[101,7,79,82,73,19,334,158],"class_list":["post-33615","post","type-post","status-publish","format-standard","hentry","category-economics","tag-101","tag-article","tag-equal-opportunities","tag-ethnic-discrimination","tag-german-language","tag-labour-market","tag-racism","tag-working-conditions"],"jetpack_featured_media_url":"","jetpack_sharing_enabled":true,"_links":{"self":[{"href":"https:\/\/swissmig.unine.ch\/index.php?rest_route=\/wp\/v2\/posts\/33615","targetHints":{"allow":["GET"]}}],"collection":[{"href":"https:\/\/swissmig.unine.ch\/index.php?rest_route=\/wp\/v2\/posts"}],"about":[{"href":"https:\/\/swissmig.unine.ch\/index.php?rest_route=\/wp\/v2\/types\/post"}],"author":[{"embeddable":true,"href":"https:\/\/swissmig.unine.ch\/index.php?rest_route=\/wp\/v2\/users\/4"}],"replies":[{"embeddable":true,"href":"https:\/\/swissmig.unine.ch\/index.php?rest_route=%2Fwp%2Fv2%2Fcomments&post=33615"}],"version-history":[{"count":0,"href":"https:\/\/swissmig.unine.ch\/index.php?rest_route=\/wp\/v2\/posts\/33615\/revisions"}],"wp:attachment":[{"href":"https:\/\/swissmig.unine.ch\/index.php?rest_route=%2Fwp%2Fv2%2Fmedia&parent=33615"}],"wp:term":[{"taxonomy":"category","embeddable":true,"href":"https:\/\/swissmig.unine.ch\/index.php?rest_route=%2Fwp%2Fv2%2Fcategories&post=33615"},{"taxonomy":"post_tag","embeddable":true,"href":"https:\/\/swissmig.unine.ch\/index.php?rest_route=%2Fwp%2Fv2%2Ftags&post=33615"}],"curies":[{"name":"wp","href":"https:\/\/api.w.org\/{rel}","templated":true}]}}