{"id":33591,"date":"2021-05-17T08:00:00","date_gmt":"2021-05-17T07:00:00","guid":{"rendered":"https:\/\/swissmig.wordpress.com\/?p=33591"},"modified":"2021-05-17T08:00:00","modified_gmt":"2021-05-17T07:00:00","slug":"die-bedeutung-des-wissenstransfers-bei-migrationspolitischen-fragen-erfahrungen-aus-frankreich-deutschland-osterreich-und-der-schweiz","status":"publish","type":"post","link":"https:\/\/swissmig.unine.ch\/?p=33591","title":{"rendered":"Die Bedeutung des Wissenstransfers bei migrationspolitischen Fragen: Erfahrungen aus Frankreich, Deutschland, \u00d6sterreich und der Schweiz"},"content":{"rendered":"<h3>Author(s) : Gianni D&#8217;Amato, Rainer M\u00fcnz, Patrick Weil, Walter Schmid<\/h3>\n<h3>Source : <a href=\"https:\/\/libra.unine.ch\/handle\/123456789\/18066\" target=\"_blank\" rel=\"noopener\">https:\/\/libra.unine.ch\/handle\/123456789\/18066<\/a><\/h3>\n<p><!--more--><\/p>\n<blockquote>\n<div class=\"hlFld-Abstract\">\n<div class=\"abstractSection abstractInFull\">&#8220;In einer Reihe von Symposien und Workshops hat das SFM die Ergebnisse des Nationalfondsprogramms 39 &#8220;Migration und interkulturelle Beziehungen&#8221; einem breiten Publikum vorgestellt. Der vorliegende Bericht soll eine theoretische Vertiefung dieser Umsetzungsarbeit erm\u00f6glichen und einen Einblick in \u00e4hnliche Projekte in den Nachbarstaaten gew\u00e4hren. Rainer M\u00fcnz und Patrick Weil berichten aus ihren Erfahrun-gen in Deutschland, \u00d6sterreich und Frankreich. Walter Schmid beurteilt aus Sicht der Praxis den Dialog zwischen Wissenschaft und Politik.&#8221;<\/div>\n<div>\u00a0<\/div>\n<div><strong>Keywords<\/strong>: migration policy, evaluation, SFM Studies, refugees, intercultural relations, comparative analysis<\/div>\n<\/div>\n<\/blockquote>\n\n\n<p><\/p>\n","protected":false},"excerpt":{"rendered":"<p>Author(s) : Gianni D&#8217;Amato, Rainer M\u00fcnz, Patrick Weil, Walter Schmid&#8230;<\/p>\n","protected":false},"author":4,"featured_media":0,"comment_status":"open","ping_status":"open","sticky":false,"template":"","format":"standard","meta":{"_kadence_starter_templates_imported_post":false,"_kad_post_transparent":"","_kad_post_title":"","_kad_post_layout":"","_kad_post_sidebar_id":"","_kad_post_content_style":"","_kad_post_vertical_padding":"","_kad_post_feature":"","_kad_post_feature_position":"","_kad_post_header":false,"_kad_post_footer":false,"_kad_post_classname":"","jetpack_post_was_ever_published":false,"_jetpack_newsletter_access":"","_jetpack_dont_email_post_to_subs":false,"_jetpack_newsletter_tier_id":0,"_jetpack_memberships_contains_paywalled_content":false,"_jetpack_memberships_contains_paid_content":false,"footnotes":""},"categories":[12],"tags":[463,251,57,173,518,197,73,226,133,17,321,88,36,249,645],"class_list":["post-33591","post","type-post","status-publish","format-standard","hentry","category-politics","tag-463","tag-austria","tag-comparative-analysis","tag-cross-cultural-communication","tag-evaluation","tag-france","tag-german-language","tag-germany","tag-immigrant-policy","tag-immigrants","tag-intercultural-policy","tag-intercultural-relations","tag-migration-policy","tag-report","tag-sfm-studies"],"jetpack_featured_media_url":"","jetpack_sharing_enabled":true,"_links":{"self":[{"href":"https:\/\/swissmig.unine.ch\/index.php?rest_route=\/wp\/v2\/posts\/33591","targetHints":{"allow":["GET"]}}],"collection":[{"href":"https:\/\/swissmig.unine.ch\/index.php?rest_route=\/wp\/v2\/posts"}],"about":[{"href":"https:\/\/swissmig.unine.ch\/index.php?rest_route=\/wp\/v2\/types\/post"}],"author":[{"embeddable":true,"href":"https:\/\/swissmig.unine.ch\/index.php?rest_route=\/wp\/v2\/users\/4"}],"replies":[{"embeddable":true,"href":"https:\/\/swissmig.unine.ch\/index.php?rest_route=%2Fwp%2Fv2%2Fcomments&post=33591"}],"version-history":[{"count":0,"href":"https:\/\/swissmig.unine.ch\/index.php?rest_route=\/wp\/v2\/posts\/33591\/revisions"}],"wp:attachment":[{"href":"https:\/\/swissmig.unine.ch\/index.php?rest_route=%2Fwp%2Fv2%2Fmedia&parent=33591"}],"wp:term":[{"taxonomy":"category","embeddable":true,"href":"https:\/\/swissmig.unine.ch\/index.php?rest_route=%2Fwp%2Fv2%2Fcategories&post=33591"},{"taxonomy":"post_tag","embeddable":true,"href":"https:\/\/swissmig.unine.ch\/index.php?rest_route=%2Fwp%2Fv2%2Ftags&post=33591"}],"curies":[{"name":"wp","href":"https:\/\/api.w.org\/{rel}","templated":true}]}}