{"id":33572,"date":"2021-05-03T08:00:00","date_gmt":"2021-05-03T07:00:00","guid":{"rendered":"https:\/\/swissmig.wordpress.com\/?p=33572"},"modified":"2021-05-03T08:00:00","modified_gmt":"2021-05-03T07:00:00","slug":"20-ans-du-droit-a-leducation-pour-les-enfants-sans-papiers-a-geneve-impasses-et-espoirs","status":"publish","type":"post","link":"https:\/\/swissmig.unine.ch\/?p=33572","title":{"rendered":"20 ans du droit \u00e0 l&#8217;\u00e9ducation pour les enfants sans-papiers \u00e0 Gen\u00e8ve : impasses et espoirs"},"content":{"rendered":"<h3>Author(s) : Centre de Contact Suisses-Immigr\u00e9s<\/h3>\n<h3>Source : <a href=\"https:\/\/ccsi.ch\/ressources\/20-ans-du-droit-a-leducation-pour-les-enfants-sans-papiers-a-geneve-impasses-et-espoirs-2011\/\" target=\"_blank\" rel=\"noopener\">https:\/\/ccsi.ch\/ressources\/20-ans-du-droit-a-leducation-pour-les-enfants-sans-papiers-a-geneve-impasses-et-espoirs-2011\/<\/a><\/h3>\n<h3>PDF : <a href=\"https:\/\/ccsi.ch\/wp-content\/uploads\/2012\/02\/brochure-20ans-final.pdf\">https:\/\/ccsi.ch\/wp-content\/uploads\/2012\/02\/brochure-20ans-final.pdf<\/a><\/h3>\n<p><!--more--><\/p>\n<blockquote>\n<div class=\"hlFld-Abstract\">\n<div class=\"abstractSection abstractInFull\">&#8220;<span dir=\"ltr\">L\u2019instruction de tous les enfants est un acquis de <\/span><span dir=\"ltr\">longue date, puisqu\u2019elle est ancr\u00e9e dans la premi\u00e8re <\/span><span dir=\"ltr\">Constitution que s\u2019est donn\u00e9e la Suisse, en 1848. Mais <\/span><span dir=\"ltr\">certains cantons n\u2019avaient pas attendu ce moment. <\/span><span dir=\"ltr\">Ainsi \u00e0 Gen\u00e8ve, comme l\u2019atteste une inscription sur le <\/span><span dir=\"ltr\">mur des r\u00e9formateurs, le peuple d\u00e9cr\u00e8te l\u2019instruction <\/span><span dir=\"ltr\">obligatoire en 1536 d\u00e9j\u00e0 <\/span><span dir=\"ltr\">! <\/span><span dir=\"ltr\">Aujourd\u2019hui, l\u2019\u00e9ducation est reconnue dans notre <\/span><span dir=\"ltr\">Constitution au titre de droit fondamental <\/span><span dir=\"ltr\">; plus lar<\/span><span dir=\"ltr\">gement, la formation des enfants et des jeunes est <\/span><span dir=\"ltr\">affich\u00e9e parmi les buts sociaux que l\u2019\u00c9tat se donne. <\/span><span dir=\"ltr\">Mais depuis une cinquantaine d\u2019ann\u00e9es, la question <\/span><span dir=\"ltr\">refait surface avec l\u2019arriv\u00e9e d\u2019enfants dans le sillage <\/span><span dir=\"ltr\">de leurs parents immigr\u00e9s. Certain-e-s ne sont pas au <\/span><span dir=\"ltr\">b\u00e9n\u00e9fice d\u2019une autorisation de s\u00e9jour et n\u2019ont donc pas <\/span><span dir=\"ltr\">\u00ab d\u2019existence l\u00e9gale <\/span><span dir=\"ltr\">\u00bb. Pour elles, pour eux, qu\u2019en est-il <\/span><span dir=\"ltr\">du droit \u00e0 l\u2019\u00e9ducation et \u00e0 la formation <\/span><span dir=\"ltr\">?<\/span>&#8220;<\/div>\n<\/div>\n<\/blockquote>\n\n\n<p><\/p>\n","protected":false},"excerpt":{"rendered":"<p>Author(s) : Centre de Contact Suisses-Immigr\u00e9s Source : https:\/\/ccsi.ch\/ressources\/20-ans-du-droit-a-leducation-pour-les-enfants-sans-papiers-a-geneve-impasses-et-espoirs-2011\/ PDF&#8230;<\/p>\n","protected":false},"author":4,"featured_media":0,"comment_status":"open","ping_status":"open","sticky":false,"template":"","format":"standard","meta":{"_kadence_starter_templates_imported_post":false,"_kad_post_transparent":"","_kad_post_title":"","_kad_post_layout":"","_kad_post_sidebar_id":"","_kad_post_content_style":"","_kad_post_vertical_padding":"","_kad_post_feature":"","_kad_post_feature_position":"","_kad_post_header":false,"_kad_post_footer":false,"_kad_post_classname":"","jetpack_post_was_ever_published":false,"_jetpack_newsletter_access":"","_jetpack_dont_email_post_to_subs":false,"_jetpack_newsletter_tier_id":0,"_jetpack_memberships_contains_paywalled_content":false,"_jetpack_memberships_contains_paid_content":false,"footnotes":""},"categories":[61],"tags":[256,407,273,318,307,77,337,52,341,87,128,294,303,249,363,340,262,371],"class_list":["post-33572","post","type-post","status-publish","format-standard","hentry","category-education","tag-256","tag-access-to-education","tag-cantons","tag-children","tag-civil-and-political-rights","tag-education-policy","tag-educational-achievement","tag-french-language","tag-geneva","tag-history","tag-human-rights","tag-irregular-migration","tag-legal-aspects","tag-report","tag-school","tag-social-support","tag-undocumented-immigrants","tag-vocational-training"],"jetpack_featured_media_url":"","jetpack_sharing_enabled":true,"_links":{"self":[{"href":"https:\/\/swissmig.unine.ch\/index.php?rest_route=\/wp\/v2\/posts\/33572","targetHints":{"allow":["GET"]}}],"collection":[{"href":"https:\/\/swissmig.unine.ch\/index.php?rest_route=\/wp\/v2\/posts"}],"about":[{"href":"https:\/\/swissmig.unine.ch\/index.php?rest_route=\/wp\/v2\/types\/post"}],"author":[{"embeddable":true,"href":"https:\/\/swissmig.unine.ch\/index.php?rest_route=\/wp\/v2\/users\/4"}],"replies":[{"embeddable":true,"href":"https:\/\/swissmig.unine.ch\/index.php?rest_route=%2Fwp%2Fv2%2Fcomments&post=33572"}],"version-history":[{"count":0,"href":"https:\/\/swissmig.unine.ch\/index.php?rest_route=\/wp\/v2\/posts\/33572\/revisions"}],"wp:attachment":[{"href":"https:\/\/swissmig.unine.ch\/index.php?rest_route=%2Fwp%2Fv2%2Fmedia&parent=33572"}],"wp:term":[{"taxonomy":"category","embeddable":true,"href":"https:\/\/swissmig.unine.ch\/index.php?rest_route=%2Fwp%2Fv2%2Fcategories&post=33572"},{"taxonomy":"post_tag","embeddable":true,"href":"https:\/\/swissmig.unine.ch\/index.php?rest_route=%2Fwp%2Fv2%2Ftags&post=33572"}],"curies":[{"name":"wp","href":"https:\/\/api.w.org\/{rel}","templated":true}]}}