{"id":33557,"date":"2021-04-26T08:00:00","date_gmt":"2021-04-26T07:00:00","guid":{"rendered":"https:\/\/swissmig.wordpress.com\/?p=33557"},"modified":"2021-04-26T08:00:00","modified_gmt":"2021-04-26T07:00:00","slug":"les-colonialismes-suisses-etudes-vol-ii","status":"publish","type":"post","link":"https:\/\/swissmig.unine.ch\/?p=33557","title":{"rendered":"Les colonialismes suisses: \u00e9tudes (Vol. II)"},"content":{"rendered":"<h3>Author(s) : Sandro Cattacin, Marisa Fois<\/h3>\n<h3>Source : <a href=\"https:\/\/archive-ouverte.unige.ch\/unige:146896\" target=\"_blank\" rel=\"noopener\">https:\/\/archive-ouverte.unige.ch\/unige:146896<\/a><\/h3>\n<p><!--more--><\/p>\n<blockquote>\n<div class=\"hlFld-Abstract\">\n<div class=\"abstractSection abstractInFull\">&#8220;Peut-on parler d\u2019h\u00e9ritage colonial dans un pays n\u2019ayant pas poss\u00e9d\u00e9 de colonies au sens administratif du terme ? Dans quelle mesure peut-on identifier des \u00e9l\u00e9ments exprimant une dimension coloniale de la pr\u00e9sence suisse ? Comment faudrait-il en discuter et en d\u00e9battre ? Pourquoi est-ce important de solliciter des r\u00e9flexions sur le r\u00f4le de la Suisse et des Suisses pendant la colonisation et sur les colonialismes suisses ? En continuit\u00e9 avec le num\u00e9ro du Sociograph d\u00e9di\u00e9 aux colonialismes suisses et aux entretiens concernant la th\u00e9matique, ce volume est la deuxi\u00e8me \u00e9tape de l\u2019atelier de recherche du Master en Sociologie en 2018-2019. Le choix du pluriel pour le terme \u00abcolonialisme \u00bb n\u2019est pas un hasard : les Suisses ont particip\u00e9 au partage de l\u2019Afrique et \u00e0 la colonisation de plusieurs mani\u00e8res.&#8221;<\/div>\n<\/div>\n<\/blockquote>\n\n\n<p><\/p>\n","protected":false},"excerpt":{"rendered":"<p>Author(s) : Sandro Cattacin, Marisa Fois Source : https:\/\/archive-ouverte.unige.ch\/unige:146896<\/p>\n","protected":false},"author":4,"featured_media":0,"comment_status":"open","ping_status":"open","sticky":false,"template":"","format":"standard","meta":{"_kadence_starter_templates_imported_post":false,"_kad_post_transparent":"","_kad_post_title":"","_kad_post_layout":"","_kad_post_sidebar_id":"","_kad_post_content_style":"","_kad_post_vertical_padding":"","_kad_post_feature":"","_kad_post_feature_position":"","_kad_post_header":false,"_kad_post_footer":false,"_kad_post_classname":"","jetpack_post_was_ever_published":false,"_jetpack_newsletter_access":"","_jetpack_dont_email_post_to_subs":false,"_jetpack_newsletter_tier_id":0,"_jetpack_memberships_contains_paywalled_content":false,"_jetpack_memberships_contains_paid_content":false,"footnotes":""},"categories":[35],"tags":[654,615,562,545,483,137,52,216,218,154,115,205,123,25,580],"class_list":["post-33557","post","type-post","status-publish","format-standard","hentry","category-history","tag-654","tag-algeria","tag-book","tag-colonialism","tag-communities","tag-emigration","tag-french-language","tag-international-cooperation","tag-international-relations","tag-interviews","tag-mass-media","tag-national-identity","tag-political-participation","tag-solidarity","tag-tunisia"],"jetpack_featured_media_url":"","jetpack_sharing_enabled":true,"_links":{"self":[{"href":"https:\/\/swissmig.unine.ch\/index.php?rest_route=\/wp\/v2\/posts\/33557","targetHints":{"allow":["GET"]}}],"collection":[{"href":"https:\/\/swissmig.unine.ch\/index.php?rest_route=\/wp\/v2\/posts"}],"about":[{"href":"https:\/\/swissmig.unine.ch\/index.php?rest_route=\/wp\/v2\/types\/post"}],"author":[{"embeddable":true,"href":"https:\/\/swissmig.unine.ch\/index.php?rest_route=\/wp\/v2\/users\/4"}],"replies":[{"embeddable":true,"href":"https:\/\/swissmig.unine.ch\/index.php?rest_route=%2Fwp%2Fv2%2Fcomments&post=33557"}],"version-history":[{"count":0,"href":"https:\/\/swissmig.unine.ch\/index.php?rest_route=\/wp\/v2\/posts\/33557\/revisions"}],"wp:attachment":[{"href":"https:\/\/swissmig.unine.ch\/index.php?rest_route=%2Fwp%2Fv2%2Fmedia&parent=33557"}],"wp:term":[{"taxonomy":"category","embeddable":true,"href":"https:\/\/swissmig.unine.ch\/index.php?rest_route=%2Fwp%2Fv2%2Fcategories&post=33557"},{"taxonomy":"post_tag","embeddable":true,"href":"https:\/\/swissmig.unine.ch\/index.php?rest_route=%2Fwp%2Fv2%2Ftags&post=33557"}],"curies":[{"name":"wp","href":"https:\/\/api.w.org\/{rel}","templated":true}]}}