{"id":33554,"date":"2021-04-26T08:00:00","date_gmt":"2021-04-26T07:00:00","guid":{"rendered":"https:\/\/swissmig.wordpress.com\/?p=33554"},"modified":"2021-04-26T08:00:00","modified_gmt":"2021-04-26T07:00:00","slug":"les-colonialismes-suisse-entretiens-vol-i","status":"publish","type":"post","link":"https:\/\/swissmig.unine.ch\/?p=33554","title":{"rendered":"Les colonialismes suisse: entretiens (vol. I)"},"content":{"rendered":"<h3>Author(s) : Sandro Cattacin, Marisa Fois<\/h3>\n<h3>Source : <a href=\"https:\/\/archive-ouverte.unige.ch\/unige:145542\" target=\"_blank\" rel=\"noopener\">https:\/\/archive-ouverte.unige.ch\/unige:145542<\/a><\/h3>\n<p><!--more--><\/p>\n<blockquote>\n<div class=\"hlFld-Abstract\">\n<div class=\"abstractSection abstractInFull\">&#8220;<span dir=\"ltr\">La Suisse a toujours \u00e9t\u00e9 l\u2019axe au coeur de la roue des puissances mon<\/span><span dir=\"ltr\">diales. Elle joue un r\u00f4le de mod\u00e9rateur sur le plan des relations interna<\/span><span dir=\"ltr\">tionales tout en mod\u00e9rant \u00e9galement son implication dans ces rapports. <\/span><span dir=\"ltr\">Sa neutralit\u00e9 lui a permis de garder une position privil\u00e9gi\u00e9e pendant le <\/span><span dir=\"ltr\">partage de l\u2019Afrique. Nous nous sommes interrog\u00e9-es sur la pr\u00e9sence <\/span><span dir=\"ltr\">suisse dans le continent africain en contextualisant la cr\u00e9ation et le d\u00e9ve<\/span><span dir=\"ltr\">loppement des communaut\u00e9s des Suisses \u00e0 l\u2019\u00e9tranger, et sur les effets de <\/span><span dir=\"ltr\">la d\u00e9colonisation. Nous nous sommes entretenu-es avec des sp\u00e9cialistes <\/span><span dir=\"ltr\">de la question, issu-es de diff\u00e9rents domaines pour assurer la perspective <\/span><span dir=\"ltr\">pluridisciplinaire de notre approche et prendre la mesure de l\u2019implication <\/span><span dir=\"ltr\">des Suisses dans la question coloniale. Les entretiens ont permis de lever <\/span><span dir=\"ltr\">le voile sur une Suisse id\u00e9alement neutre et ses paradoxes, et de proposer <\/span><span dir=\"ltr\">une lecture globale \u00e0 travers des \u00e9l\u00e9ments interpr\u00e9tatifs, \u00e0 savoir l\u2019imp\u00e9<\/span><span dir=\"ltr\">rialisme et le colonialisme, la neutralit\u00e9 et la m\u00e9moire. <\/span><span dir=\"ltr\">En participant \u00e0 ce travail de m\u00e9moire sur l\u2019histoire des colonialismes <\/span><span dir=\"ltr\">suisses, nous avons cherch\u00e9 \u00e0 r\u00e9concilier les paradoxes et contradictions <\/span><span dir=\"ltr\">pour proposer une transition vers une nouvelle approche soci\u00e9tale et sor<\/span><span dir=\"ltr\">tir du paradigme colonial. <\/span>&#8220;<\/div>\n<\/div>\n<\/blockquote>\n\n\n<p><\/p>\n","protected":false},"excerpt":{"rendered":"<p>Author(s) : Sandro Cattacin, Marisa Fois Source : https:\/\/archive-ouverte.unige.ch\/unige:145542<\/p>\n","protected":false},"author":4,"featured_media":0,"comment_status":"open","ping_status":"open","sticky":false,"template":"","format":"standard","meta":{"_kadence_starter_templates_imported_post":false,"_kad_post_transparent":"","_kad_post_title":"","_kad_post_layout":"","_kad_post_sidebar_id":"","_kad_post_content_style":"","_kad_post_vertical_padding":"","_kad_post_feature":"","_kad_post_feature_position":"","_kad_post_header":false,"_kad_post_footer":false,"_kad_post_classname":"","jetpack_post_was_ever_published":false,"_jetpack_newsletter_access":"","_jetpack_dont_email_post_to_subs":false,"_jetpack_newsletter_tier_id":0,"_jetpack_memberships_contains_paywalled_content":false,"_jetpack_memberships_contains_paid_content":false,"footnotes":""},"categories":[35],"tags":[654,54,562,545,483,137,52,216,218,154,205,123,422],"class_list":["post-33554","post","type-post","status-publish","format-standard","hentry","category-history","tag-654","tag-africa","tag-book","tag-colonialism","tag-communities","tag-emigration","tag-french-language","tag-international-cooperation","tag-international-relations","tag-interviews","tag-national-identity","tag-political-participation","tag-sociology"],"jetpack_featured_media_url":"","jetpack_sharing_enabled":true,"_links":{"self":[{"href":"https:\/\/swissmig.unine.ch\/index.php?rest_route=\/wp\/v2\/posts\/33554","targetHints":{"allow":["GET"]}}],"collection":[{"href":"https:\/\/swissmig.unine.ch\/index.php?rest_route=\/wp\/v2\/posts"}],"about":[{"href":"https:\/\/swissmig.unine.ch\/index.php?rest_route=\/wp\/v2\/types\/post"}],"author":[{"embeddable":true,"href":"https:\/\/swissmig.unine.ch\/index.php?rest_route=\/wp\/v2\/users\/4"}],"replies":[{"embeddable":true,"href":"https:\/\/swissmig.unine.ch\/index.php?rest_route=%2Fwp%2Fv2%2Fcomments&post=33554"}],"version-history":[{"count":0,"href":"https:\/\/swissmig.unine.ch\/index.php?rest_route=\/wp\/v2\/posts\/33554\/revisions"}],"wp:attachment":[{"href":"https:\/\/swissmig.unine.ch\/index.php?rest_route=%2Fwp%2Fv2%2Fmedia&parent=33554"}],"wp:term":[{"taxonomy":"category","embeddable":true,"href":"https:\/\/swissmig.unine.ch\/index.php?rest_route=%2Fwp%2Fv2%2Fcategories&post=33554"},{"taxonomy":"post_tag","embeddable":true,"href":"https:\/\/swissmig.unine.ch\/index.php?rest_route=%2Fwp%2Fv2%2Ftags&post=33554"}],"curies":[{"name":"wp","href":"https:\/\/api.w.org\/{rel}","templated":true}]}}