{"id":33548,"date":"2021-04-26T08:00:00","date_gmt":"2021-04-26T07:00:00","guid":{"rendered":"https:\/\/swissmig.wordpress.com\/?p=33548"},"modified":"2021-04-26T08:00:00","modified_gmt":"2021-04-26T07:00:00","slug":"hilfe-fur-opfer-rassistischer-diskriminierung-eine-analyse-des-angebots-in-der-schweiz","status":"publish","type":"post","link":"https:\/\/swissmig.unine.ch\/?p=33548","title":{"rendered":"Hilfe f\u00fcr Opfer rassistischer Diskriminierung: Eine Analyse des Angebots in der Schweiz"},"content":{"rendered":"<h3>Author(s) : Martina Kamm, Sandro Cattacin<\/h3>\n<h3>Source : <a href=\"https:\/\/libra.unine.ch\/handle\/123456789\/16118\" target=\"_blank\" rel=\"noopener\">https:\/\/libra.unine.ch\/handle\/123456789\/16118<\/a><\/h3>\n<p><!--more--><\/p>\n<blockquote>\n<div class=\"hlFld-Abstract\">\n<div class=\"abstractSection abstractInFull\">&#8220;In der vorliegenden Zusammenfassung werden die Ergebnisse der Studie &#8220;Hilfe f\u00fcr Opfer rassistischer Diskriminierung. Eine Analyse des Angebots in der Schweiz&#8221; gek\u00fcrzt pr\u00e4sentiert. Das Projekt verfolgte das Ziel, einerseits das bestehende Angebot betreffend Beratung und Intervention f\u00fcr Opfer rassistischer Diskriminierung in der Schweiz zu erfassen. Andererseits sollten sowohl geografische als auch inhaltliche L\u00fccken ermittelt werden, um die Grundlage f\u00fcr eine bessere Vernetzung von Akteuren in diesem Umfeld zu schaffen. In empirischer Form wurden zun\u00e4chst Informationen \u00fcber bestehende Anlaufstellen erhoben. Nebst der Informationsbeschaffung wurde dann abgekl\u00e4rt, ob das bestehende Angebot der potentiellen Nachfrage entspricht, und ob es differenziert, koordiniert und leicht zug\u00e4nglich ist. Mit Blick auf die Zukunft wurden Empfehlungen dazu formuliert, wie der Aktionsrahmen f\u00fcr eine konkrete Vernetzung des Angebots aussehen k\u00f6nnte.&#8221;<\/div>\n<div>\u00a0<\/div>\n<div><strong>Keywords<\/strong>: ethnic discrimination, racism, SFM Studies, refugees, social support, living conditions, associations<\/div>\n<\/div>\n<\/blockquote>\n\n\n<p><\/p>\n","protected":false},"excerpt":{"rendered":"<p>Author(s) : Martina Kamm, Sandro Cattacin Source : https:\/\/libra.unine.ch\/handle\/123456789\/16118<\/p>\n","protected":false},"author":4,"featured_media":0,"comment_status":"open","ping_status":"open","sticky":false,"template":"","format":"standard","meta":{"_kadence_starter_templates_imported_post":false,"_kad_post_transparent":"","_kad_post_title":"","_kad_post_layout":"","_kad_post_sidebar_id":"","_kad_post_content_style":"","_kad_post_vertical_padding":"","_kad_post_feature":"","_kad_post_feature_position":"","_kad_post_header":false,"_kad_post_footer":false,"_kad_post_classname":"","jetpack_post_was_ever_published":false,"_jetpack_newsletter_access":"","_jetpack_dont_email_post_to_subs":false,"_jetpack_newsletter_tier_id":0,"_jetpack_memberships_contains_paywalled_content":false,"_jetpack_memberships_contains_paid_content":false,"footnotes":""},"categories":[24],"tags":[346,119,273,307,57,82,121,73,17,129,325,177,692,334,249,645,340],"class_list":["post-33548","post","type-post","status-publish","format-standard","hentry","category-society-family-racism","tag-346","tag-associations","tag-cantons","tag-civil-and-political-rights","tag-comparative-analysis","tag-ethnic-discrimination","tag-ethnic-minorities","tag-german-language","tag-immigrants","tag-law","tag-methodology","tag-psychological-well-being","tag-public-policy","tag-racism","tag-report","tag-sfm-studies","tag-social-support"],"jetpack_featured_media_url":"","jetpack_sharing_enabled":true,"_links":{"self":[{"href":"https:\/\/swissmig.unine.ch\/index.php?rest_route=\/wp\/v2\/posts\/33548","targetHints":{"allow":["GET"]}}],"collection":[{"href":"https:\/\/swissmig.unine.ch\/index.php?rest_route=\/wp\/v2\/posts"}],"about":[{"href":"https:\/\/swissmig.unine.ch\/index.php?rest_route=\/wp\/v2\/types\/post"}],"author":[{"embeddable":true,"href":"https:\/\/swissmig.unine.ch\/index.php?rest_route=\/wp\/v2\/users\/4"}],"replies":[{"embeddable":true,"href":"https:\/\/swissmig.unine.ch\/index.php?rest_route=%2Fwp%2Fv2%2Fcomments&post=33548"}],"version-history":[{"count":0,"href":"https:\/\/swissmig.unine.ch\/index.php?rest_route=\/wp\/v2\/posts\/33548\/revisions"}],"wp:attachment":[{"href":"https:\/\/swissmig.unine.ch\/index.php?rest_route=%2Fwp%2Fv2%2Fmedia&parent=33548"}],"wp:term":[{"taxonomy":"category","embeddable":true,"href":"https:\/\/swissmig.unine.ch\/index.php?rest_route=%2Fwp%2Fv2%2Fcategories&post=33548"},{"taxonomy":"post_tag","embeddable":true,"href":"https:\/\/swissmig.unine.ch\/index.php?rest_route=%2Fwp%2Fv2%2Ftags&post=33548"}],"curies":[{"name":"wp","href":"https:\/\/api.w.org\/{rel}","templated":true}]}}