{"id":3351,"date":"2019-12-30T09:00:35","date_gmt":"2019-12-30T08:00:35","guid":{"rendered":"https:\/\/swissmig.wordpress.com\/?p=3351"},"modified":"2019-12-30T09:00:35","modified_gmt":"2019-12-30T08:00:35","slug":"les-mineurs-non-accompagnes-sejournant-en-suisse-quelles-perspectives-davenir-reflexions-sur-la-participation-du-mineur-dans-la-mise-en-place-de-solutions-durables","status":"publish","type":"post","link":"https:\/\/swissmig.unine.ch\/?p=3351","title":{"rendered":"Les mineurs non accompagn\u00e9s s\u00e9journant en Suisse : quelles perspectives d&#8217;avenir? : r\u00e9flexions sur la participation du mineur dans la mise en place de solutions durables"},"content":{"rendered":"<h3>Author(s) : Antony, Elodie<\/h3>\n<h3>Source : <a href=\"https:\/\/doc.rero.ch\/record\/19803\" target=\"_blank\" rel=\"noopener\">https:\/\/doc.rero.ch\/record\/19803<\/a><\/h3>\n<p><strong>Abstract: <\/strong><!--more--><\/p>\n<blockquote><p>&#8220;En 1989, la promulgation de la Convention internationale des droits de l\u2019enfant (CDE) a conf\u00e9r\u00e9 aux enfants un nouveau statut de \u00ab sujets de droits \u00bb. Les Etats membres, comme la Suisse qui a ratifi\u00e9 la CDE en 1997, s\u2019engagent ainsi \u00e0 garantir les droits \u00e9nonc\u00e9s \u00e0 tout enfant relevant de leur juridiction. Cependant, des cat\u00e9gories particuli\u00e8res de mineurs telles que les \u00ab mineurs non accompagn\u00e9s \u00bb (MNA) restent vuln\u00e9rables face aux mesures impos\u00e9es par les lois internes relatives \u00e0 l\u2019asile et \u00e0 l\u2019immigration. En Suisse, ce ph\u00e9nom\u00e8ne a donn\u00e9 lieu \u00e0 diverses recherches qui soul\u00e8vent particuli\u00e8rement le manque de perspectives d\u2019avenir auquel se trouvent confront\u00e9s les MNA. Cette \u00e9tude se propose ainsi d\u2019explorer les \u00e9l\u00e9ments th\u00e9oriques et pratiques pour la mise en place d\u2019une prise en charge de ces mineurs sur le long terme. Dans une approche interdisciplinaire, nous allons nous int\u00e9resser \u00e0 la participation du MNA dans l\u2019\u00e9laboration de solutions durables. Afin de d\u00e9finir les contours de sa capacit\u00e9 d\u2019agir, nous nous attacherons ainsi \u00e0 soulever d\u2019une part les contraintes auxquelles il doit faire face et d\u2019autre part, les ressources dont il dispose pour agir. Souhaitant donner voix aux MNA, nous nous r\u00e9f\u00e9rerons particuli\u00e8rement au projet Speak out !, qui est un projet de participation sociopolitique mis en place par la Fondation Terre des hommes &#8211; aide \u00e0 l\u2019enfance pour ces jeunes migrants. En d\u00e9finitive, cette analyse nous permettra d\u2019avancer des \u00e9l\u00e9ments de r\u00e9flexion pour une intervention individualis\u00e9e qui r\u00e9ponde aux besoins r\u00e9els des MNA et contribue \u00e0 la construction de leur avenir, que ce soit au sein d\u2019une int\u00e9gration en Suisse ou d\u2019une r\u00e9int\u00e9gration dans leur pays d\u2019origine.&#8221;<\/p><\/blockquote>\n<p>&nbsp;<\/p>\n","protected":false},"excerpt":{"rendered":"<p>Author(s) : Antony, Elodie Source : https:\/\/doc.rero.ch\/record\/19803 Abstract:<\/p>\n","protected":false},"author":4,"featured_media":0,"comment_status":"open","ping_status":"open","sticky":false,"template":"","format":"standard","meta":{"_kadence_starter_templates_imported_post":false,"_kad_post_transparent":"","_kad_post_title":"","_kad_post_layout":"","_kad_post_sidebar_id":"","_kad_post_content_style":"","_kad_post_vertical_padding":"","_kad_post_feature":"","_kad_post_feature_position":"","_kad_post_header":false,"_kad_post_footer":false,"_kad_post_classname":"","jetpack_post_was_ever_published":false,"_jetpack_newsletter_access":"","_jetpack_dont_email_post_to_subs":false,"_jetpack_newsletter_tier_id":0,"_jetpack_memberships_contains_paywalled_content":false,"_jetpack_memberships_contains_paid_content":false,"footnotes":""},"categories":[24],"tags":[131,318,275,52,128,563,160,319,91,64,144],"class_list":["post-3351","post","type-post","status-publish","format-standard","hentry","category-society-family-racism","tag-131","tag-children","tag-educational-programmes","tag-french-language","tag-human-rights","tag-immigration-law","tag-integration-programmes","tag-master-thesis","tag-social-integration","tag-unaccompanied-minors","tag-vulnerability"],"jetpack_featured_media_url":"","jetpack_sharing_enabled":true,"_links":{"self":[{"href":"https:\/\/swissmig.unine.ch\/index.php?rest_route=\/wp\/v2\/posts\/3351","targetHints":{"allow":["GET"]}}],"collection":[{"href":"https:\/\/swissmig.unine.ch\/index.php?rest_route=\/wp\/v2\/posts"}],"about":[{"href":"https:\/\/swissmig.unine.ch\/index.php?rest_route=\/wp\/v2\/types\/post"}],"author":[{"embeddable":true,"href":"https:\/\/swissmig.unine.ch\/index.php?rest_route=\/wp\/v2\/users\/4"}],"replies":[{"embeddable":true,"href":"https:\/\/swissmig.unine.ch\/index.php?rest_route=%2Fwp%2Fv2%2Fcomments&post=3351"}],"version-history":[{"count":0,"href":"https:\/\/swissmig.unine.ch\/index.php?rest_route=\/wp\/v2\/posts\/3351\/revisions"}],"wp:attachment":[{"href":"https:\/\/swissmig.unine.ch\/index.php?rest_route=%2Fwp%2Fv2%2Fmedia&parent=3351"}],"wp:term":[{"taxonomy":"category","embeddable":true,"href":"https:\/\/swissmig.unine.ch\/index.php?rest_route=%2Fwp%2Fv2%2Fcategories&post=3351"},{"taxonomy":"post_tag","embeddable":true,"href":"https:\/\/swissmig.unine.ch\/index.php?rest_route=%2Fwp%2Fv2%2Ftags&post=3351"}],"curies":[{"name":"wp","href":"https:\/\/api.w.org\/{rel}","templated":true}]}}