{"id":33505,"date":"2021-04-05T08:00:00","date_gmt":"2021-04-05T07:00:00","guid":{"rendered":"https:\/\/swissmig.wordpress.com\/?p=33505"},"modified":"2021-04-05T08:00:00","modified_gmt":"2021-04-05T07:00:00","slug":"une-analyse-triadique-entre-le-racisme-vecu-lidentite-et-le-bien-etre-chez-les-afro-descendant-e-s-en-suisse","status":"publish","type":"post","link":"https:\/\/swissmig.unine.ch\/?p=33505","title":{"rendered":"Une analyse triadique entre le racisme v\u00e9cu, l&#8217;identit\u00e9 et le bien-\u00eatre chez les Afro-descendant.e.s en Suisse"},"content":{"rendered":"<h3>Author(s) : Nigel Fischer<\/h3>\n<h3>Source : <a href=\"https:\/\/serval.unil.ch\/notice\/serval:BIB_S_30937\" target=\"_blank\" rel=\"noopener\">https:\/\/serval.unil.ch\/notice\/serval:BIB_S_30937<\/a><\/h3>\n<p><!--more--><\/p>\n<blockquote>\n<div class=\"hlFld-Abstract\">\n<div class=\"abstractSection abstractInFull\">&#8220;<span dir=\"ltr\">Le racisme <\/span><span dir=\"ltr\">est un biais d\u00e9favorable \u00e0 l\u2019\u00e9gard d\u2019un individu en raison <\/span><span dir=\"ltr\">de son alt\u00e9rit\u00e9. <\/span><span dir=\"ltr\">Les manifestations de ce traitement diff\u00e9rentiel se situent sur <\/span><span dir=\"ltr\">un spectre <\/span><span dir=\"ltr\">allant d\u2019expressions explicites et frontales \u00e0 des \u00e9manations <\/span><span dir=\"ltr\">implicites et subtiles. <\/span><span dir=\"ltr\">C\u2019est <\/span><span dir=\"ltr\">\u00e0 cette dern<\/span><span dir=\"ltr\">i\u00e8re <\/span><span dir=\"ltr\">extr\u00e9mit\u00e9 que ce travail s\u2019int\u00e9resse<\/span><span dir=\"ltr\">, <\/span><span dir=\"ltr\">singuli\u00e8rement <\/span><span dir=\"ltr\">via <\/span><span dir=\"ltr\">le prisme des <\/span><span dir=\"ltr\">micro<\/span><span dir=\"ltr\">&#8211;<\/span><span dir=\"ltr\">agressions racistes <\/span><span dir=\"ltr\">v\u00e9cues par des <\/span><span dir=\"ltr\">Afro<\/span><span dir=\"ltr\">&#8211;<\/span><span dir=\"ltr\">descendant\u00b7e\u00b7s de Suisse (N = 290)<\/span><span dir=\"ltr\">. L<\/span><span dir=\"ltr\">es <\/span><span dir=\"ltr\">objectif<\/span><span dir=\"ltr\">s <\/span><span dir=\"ltr\">de cette recherche <\/span><span dir=\"ltr\">sont <\/span><span dir=\"ltr\">d\u2019explorer <\/span><span dir=\"ltr\">l\u2019existence desdites micro<\/span><span dir=\"ltr\">&#8211;<\/span><span dir=\"ltr\">agressions <\/span><span dir=\"ltr\">dans ce pay<\/span><span dir=\"ltr\">s<\/span><span dir=\"ltr\">, d\u2019<\/span><span dir=\"ltr\">appr\u00e9hender <\/span><span dir=\"ltr\">comment c<\/span><span dir=\"ltr\">elles<\/span><span dir=\"ltr\">&#8211;<\/span><span dir=\"ltr\">ci <\/span><span dir=\"ltr\">influencent le bien<\/span><span dir=\"ltr\">&#8211;<\/span><span dir=\"ltr\">\u00eatre, et d\u2019examiner le r\u00f4le de <\/span><span dir=\"ltr\">l\u2019identification ethnique et <\/span><span dir=\"ltr\">de <\/span><span dir=\"ltr\">l\u2019identification nationale dans ce processus. <\/span><span dir=\"ltr\">Afin <\/span><span dir=\"ltr\">d\u2019atteindre nos objectifs, nous avons utilis\u00e9 des m\u00e9thodes quantitatives et<\/span><span dir=\"ltr\">, <\/span><span dir=\"ltr\">plus <\/span><span dir=\"ltr\">pr\u00e9cis\u00e9ment<\/span><span dir=\"ltr\">, <\/span><span dir=\"ltr\">la m\u00e9thode des moindres carr\u00e9s ordinaires. <\/span><span dir=\"ltr\">Les r\u00e9sultats <\/span><span dir=\"ltr\">indiquent un<\/span><span dir=\"ltr\">e <\/span><span dir=\"ltr\">absence d\u2019effet <\/span><span dir=\"ltr\">du <\/span><span dir=\"ltr\">racisme v\u00e9cu <\/span><span dir=\"ltr\">sur <\/span><span dir=\"ltr\">le bien<\/span><span dir=\"ltr\">&#8211;<\/span><span dir=\"ltr\">\u00eatre. N\u00e9anmoins, ils <\/span><span dir=\"ltr\">prouvent un<\/span><span dir=\"ltr\">e <\/span><span dir=\"ltr\">influence <\/span><span dir=\"ltr\">posit<\/span><span dir=\"ltr\">ive du racisme v\u00e9cu \u00e0 l\u2019\u00e9gard de l\u2019identification <\/span><span dir=\"ltr\">ethnique, ainsi qu\u2019un i<\/span><span dir=\"ltr\">mpact n\u00e9gatif de ce premier \u00e0 l\u2019encontre de <\/span><span dir=\"ltr\">l\u2019identification nationale. Par ailleurs, seule l\u2019identification ethnique influe <\/span><span dir=\"ltr\">positivement le bien<\/span><span dir=\"ltr\">&#8211;<\/span><span dir=\"ltr\">\u00eatre. Les <\/span><span dir=\"ltr\">r\u00e9sultats mettent \u00e9galement en exergue <\/span><span dir=\"ltr\">le fait <\/span><span dir=\"ltr\">que l\u2019identit\u00e9 ethnique et nationale sont ind\u00e9pendant<\/span><span dir=\"ltr\">es, mais <\/span><span dir=\"ltr\">ils <\/span><span dir=\"ltr\">ne parviennent <\/span><span dir=\"ltr\">pas \u00e0 v\u00e9rifier si leur intrication a un effet positif et cumulatif sur le bien<\/span><span dir=\"ltr\">&#8211;<\/span><span dir=\"ltr\">\u00eatre. <\/span><span dir=\"ltr\">Notre recherche r\u00e9v\u00e8le, d\u2019une part la pr\u00e9sence de micro<\/span><span dir=\"ltr\">&#8211;<\/span><span dir=\"ltr\">agressions racistes en <\/span><span dir=\"ltr\">Suisse, et d\u2019autre part, \u00e0 quel point ce<\/span><span dir=\"ltr\">lles<\/span><span dir=\"ltr\">&#8211;<\/span><span dir=\"ltr\">ci peuvent impacter <\/span><span dir=\"ltr\">le quotidien des <\/span><span dir=\"ltr\">Afro<\/span><span dir=\"ltr\">&#8211;<\/span><span dir=\"ltr\">descdandant\u00b7e\u00b7s de ce pays.<\/span>&#8220;<\/div>\n<div>\u00a0<\/div>\n<div><strong>Keywords<\/strong>: <span dir=\"ltr\">racisme, <\/span><span dir=\"ltr\">micro<\/span><span dir=\"ltr\">&#8211;<\/span><span dir=\"ltr\">agressions <\/span><span dir=\"ltr\">racistes, <\/span><span dir=\"ltr\">bien<\/span><span dir=\"ltr\">&#8211;<\/span><span dir=\"ltr\">\u00eatre, <\/span><span dir=\"ltr\">identification ethnique, identification nationale, afro<\/span><span dir=\"ltr\">&#8211;<\/span><span dir=\"ltr\">descendant, afro<\/span><span dir=\"ltr\">&#8211;<\/span><span dir=\"ltr\">descendante, Suisse<\/span><\/div>\n<\/div>\n<\/blockquote>\n\n\n<p><\/p>\n","protected":false},"excerpt":{"rendered":"<p>Author(s) : Nigel Fischer Source : https:\/\/serval.unil.ch\/notice\/serval:BIB_S_30937<\/p>\n","protected":false},"author":4,"featured_media":0,"comment_status":"open","ping_status":"open","sticky":false,"template":"","format":"standard","meta":{"_kadence_starter_templates_imported_post":false,"_kad_post_transparent":"","_kad_post_title":"","_kad_post_layout":"","_kad_post_sidebar_id":"","_kad_post_content_style":"","_kad_post_vertical_padding":"","_kad_post_feature":"","_kad_post_feature_position":"","_kad_post_header":false,"_kad_post_footer":false,"_kad_post_classname":"","jetpack_post_was_ever_published":false,"_jetpack_newsletter_access":"","_jetpack_dont_email_post_to_subs":false,"_jetpack_newsletter_tier_id":0,"_jetpack_memberships_contains_paywalled_content":false,"_jetpack_memberships_contains_paid_content":false,"footnotes":""},"categories":[24],"tags":[654,239,599,37,281,151,82,259,52,319,205,411,177,334],"class_list":["post-33505","post","type-post","status-publish","format-standard","hentry","category-society-family-racism","tag-654","tag-africans","tag-anti-immigrant-violence","tag-attitudes-towards-migrants","tag-belonging","tag-cultural-identity","tag-ethnic-discrimination","tag-ethnicity","tag-french-language","tag-master-thesis","tag-national-identity","tag-perception","tag-psychological-well-being","tag-racism"],"jetpack_featured_media_url":"","jetpack_sharing_enabled":true,"_links":{"self":[{"href":"https:\/\/swissmig.unine.ch\/index.php?rest_route=\/wp\/v2\/posts\/33505","targetHints":{"allow":["GET"]}}],"collection":[{"href":"https:\/\/swissmig.unine.ch\/index.php?rest_route=\/wp\/v2\/posts"}],"about":[{"href":"https:\/\/swissmig.unine.ch\/index.php?rest_route=\/wp\/v2\/types\/post"}],"author":[{"embeddable":true,"href":"https:\/\/swissmig.unine.ch\/index.php?rest_route=\/wp\/v2\/users\/4"}],"replies":[{"embeddable":true,"href":"https:\/\/swissmig.unine.ch\/index.php?rest_route=%2Fwp%2Fv2%2Fcomments&post=33505"}],"version-history":[{"count":0,"href":"https:\/\/swissmig.unine.ch\/index.php?rest_route=\/wp\/v2\/posts\/33505\/revisions"}],"wp:attachment":[{"href":"https:\/\/swissmig.unine.ch\/index.php?rest_route=%2Fwp%2Fv2%2Fmedia&parent=33505"}],"wp:term":[{"taxonomy":"category","embeddable":true,"href":"https:\/\/swissmig.unine.ch\/index.php?rest_route=%2Fwp%2Fv2%2Fcategories&post=33505"},{"taxonomy":"post_tag","embeddable":true,"href":"https:\/\/swissmig.unine.ch\/index.php?rest_route=%2Fwp%2Fv2%2Ftags&post=33505"}],"curies":[{"name":"wp","href":"https:\/\/api.w.org\/{rel}","templated":true}]}}